{"id":1228,"date":"2016-12-11T20:05:20","date_gmt":"2016-12-11T19:05:20","guid":{"rendered":"https:\/\/judoclub-klosterneuburg.at\/judo\/?p=1228"},"modified":"2016-12-11T23:18:55","modified_gmt":"2016-12-11T22:18:55","slug":"u17-sichtungslehrgang-des-oejv-rohrbach","status":"publish","type":"post","link":"https:\/\/judounion-klosterneuburg.at\/judo\/u17-sichtungslehrgang-des-oejv-rohrbach\/","title":{"rendered":"U17 Sichtungslehrgang des \u00d6JV \/ Rohrbach"},"content":{"rendered":"<p>Neun\u00a0 Klosterneuburger U14 Kinder nahmen als die j\u00fcngsten Teilnehmer am \u00d6JV U17 Sichtungslehrgang teil.<\/p>\n<p>Drei Tage lang (09. &#8211; 11.12.16) t\u00e4glich drei Trainingseinheiten\u00a0\u00a0\u00a0\u00a0 \u00a0\u00a0 ( je 1 1\/2 bis 2 Std), immer mit k\u00f6rperlich st\u00e4rkeren und \u00e4lteren Gegnern, ist eine extreme Belastung f\u00fcr K\u00f6rper und Geist. Wenn dann nach der letzten Trainingseinheit, nach in Summe \u00fcber 5 Std. Training, der Trainer pl\u00f6tzlich noch eine &#8222;Nachbelastungseinheit&#8220; anh\u00e4ngt, fordert das durchhalten\u00a0 dieser Einheit jedem das Letzte ab. Charakterschule und Lebensschule vom Feinsten. Alle neun Klosterneuburger haben nicht nur durch- sondern auch hervorragend mitgehalten, mit den st\u00e4rksten 14 &#8211; 17 j\u00e4hrigen Judojugendlichen aus ganz \u00d6sterreich. Verletzungsfrei, mit neuen Techniken und viel neuer Erfahrung abgeschlossen haben:<\/p>\n<p><img loading=\"lazy\" decoding=\"async\" class=\"size-medium wp-image-1232\" src=\"https:\/\/judoclub-klosterneuburg.at\/judo\/wp-content\/uploads\/2016\/12\/PC110063-1024x768-300x225.jpg\" alt=\"OLYMPUS DIGITAL CAMERA\" width=\"300\" height=\"225\" srcset=\"https:\/\/judounion-klosterneuburg.at\/judo\/wp-content\/uploads\/2016\/12\/PC110063-1024x768-300x225.jpg 300w, https:\/\/judounion-klosterneuburg.at\/judo\/wp-content\/uploads\/2016\/12\/PC110063-1024x768-768x576.jpg 768w, https:\/\/judounion-klosterneuburg.at\/judo\/wp-content\/uploads\/2016\/12\/PC110063-1024x768.jpg 1024w, https:\/\/judounion-klosterneuburg.at\/judo\/wp-content\/uploads\/2016\/12\/PC110063-1024x768-268x201.jpg 268w\" sizes=\"auto, (max-width: 300px) 100vw, 300px\" \/><\/p>\n<p><img loading=\"lazy\" decoding=\"async\" class=\"size-medium wp-image-1231\" src=\"https:\/\/judoclub-klosterneuburg.at\/judo\/wp-content\/uploads\/2016\/12\/PC110061-1024x768-300x225.jpg\" alt=\"OLYMPUS DIGITAL CAMERA\" width=\"300\" height=\"225\" srcset=\"https:\/\/judounion-klosterneuburg.at\/judo\/wp-content\/uploads\/2016\/12\/PC110061-1024x768-300x225.jpg 300w, https:\/\/judounion-klosterneuburg.at\/judo\/wp-content\/uploads\/2016\/12\/PC110061-1024x768-768x576.jpg 768w, https:\/\/judounion-klosterneuburg.at\/judo\/wp-content\/uploads\/2016\/12\/PC110061-1024x768.jpg 1024w, https:\/\/judounion-klosterneuburg.at\/judo\/wp-content\/uploads\/2016\/12\/PC110061-1024x768-268x201.jpg 268w\" sizes=\"auto, (max-width: 300px) 100vw, 300px\" \/><\/p>\n<figure id=\"attachment_1230\" aria-describedby=\"caption-attachment-1230\" style=\"width: 300px\" class=\"wp-caption alignnone\"><img loading=\"lazy\" decoding=\"async\" class=\"size-medium wp-image-1230\" src=\"https:\/\/judoclub-klosterneuburg.at\/judo\/wp-content\/uploads\/2016\/12\/PC110058-1024x768-300x225.jpg\" alt=\"OLYMPUS DIGITAL CAMERA\" width=\"300\" height=\"225\" srcset=\"https:\/\/judounion-klosterneuburg.at\/judo\/wp-content\/uploads\/2016\/12\/PC110058-1024x768-300x225.jpg 300w, https:\/\/judounion-klosterneuburg.at\/judo\/wp-content\/uploads\/2016\/12\/PC110058-1024x768-768x576.jpg 768w, https:\/\/judounion-klosterneuburg.at\/judo\/wp-content\/uploads\/2016\/12\/PC110058-1024x768.jpg 1024w, https:\/\/judounion-klosterneuburg.at\/judo\/wp-content\/uploads\/2016\/12\/PC110058-1024x768-268x201.jpg 268w\" sizes=\"auto, (max-width: 300px) 100vw, 300px\" \/><figcaption id=\"caption-attachment-1230\" class=\"wp-caption-text\">(Foto aller Nieder\u00f6sterreichischen Teilnehmer! In den gr\u00fcnen Hosen die Klosterneuburger v.l.n.r.)<\/figcaption><\/figure>\n<p>Schandl Philip, L\u00f6ffler Nicolas, Hafner Georg, G\u00fcm\u00fcskaya Leon, Bieber Paul, Schrader Ruben, Bamberger Julia, Gadermaier Katja<\/p>\n","protected":false},"excerpt":{"rendered":"<p>Neun\u00a0 Klosterneuburger U14 Kinder nahmen als die j\u00fcngsten Teilnehmer am \u00d6JV U17 Sichtungslehrgang teil. Drei Tage lang (09. &#8211; 11.12.16) t\u00e4glich drei Trainingseinheiten\u00a0\u00a0\u00a0\u00a0 \u00a0\u00a0 ( je 1 1\/2 bis 2 &#8230;<\/p>\n","protected":false},"author":4,"featured_media":1229,"comment_status":"closed","ping_status":"closed","sticky":false,"template":"","format":"standard","meta":{"footnotes":""},"categories":[1],"tags":[],"class_list":["post-1228","post","type-post","status-publish","format-standard","has-post-thumbnail","hentry","category-allgemein"],"_links":{"self":[{"href":"https:\/\/judounion-klosterneuburg.at\/judo\/wp-json\/wp\/v2\/posts\/1228","targetHints":{"allow":["GET"]}}],"collection":[{"href":"https:\/\/judounion-klosterneuburg.at\/judo\/wp-json\/wp\/v2\/posts"}],"about":[{"href":"https:\/\/judounion-klosterneuburg.at\/judo\/wp-json\/wp\/v2\/types\/post"}],"author":[{"embeddable":true,"href":"https:\/\/judounion-klosterneuburg.at\/judo\/wp-json\/wp\/v2\/users\/4"}],"replies":[{"embeddable":true,"href":"https:\/\/judounion-klosterneuburg.at\/judo\/wp-json\/wp\/v2\/comments?post=1228"}],"version-history":[{"count":3,"href":"https:\/\/judounion-klosterneuburg.at\/judo\/wp-json\/wp\/v2\/posts\/1228\/revisions"}],"predecessor-version":[{"id":1236,"href":"https:\/\/judounion-klosterneuburg.at\/judo\/wp-json\/wp\/v2\/posts\/1228\/revisions\/1236"}],"wp:featuredmedia":[{"embeddable":true,"href":"https:\/\/judounion-klosterneuburg.at\/judo\/wp-json\/wp\/v2\/media\/1229"}],"wp:attachment":[{"href":"https:\/\/judounion-klosterneuburg.at\/judo\/wp-json\/wp\/v2\/media?parent=1228"}],"wp:term":[{"taxonomy":"category","embeddable":true,"href":"https:\/\/judounion-klosterneuburg.at\/judo\/wp-json\/wp\/v2\/categories?post=1228"},{"taxonomy":"post_tag","embeddable":true,"href":"https:\/\/judounion-klosterneuburg.at\/judo\/wp-json\/wp\/v2\/tags?post=1228"}],"curies":[{"name":"wp","href":"https:\/\/api.w.org\/{rel}","templated":true}]}}