{"id":1320,"date":"2017-01-28T21:35:53","date_gmt":"2017-01-28T20:35:53","guid":{"rendered":"https:\/\/judoclub-klosterneuburg.at\/judo\/?p=1320"},"modified":"2017-01-29T10:46:07","modified_gmt":"2017-01-29T09:46:07","slug":"schicho-anika-ist-oesterreichische-meisterin-u18","status":"publish","type":"post","link":"https:\/\/judounion-klosterneuburg.at\/judo\/schicho-anika-ist-oesterreichische-meisterin-u18\/","title":{"rendered":"Schicho Anika ist \u00d6sterreichische Meisterin U18"},"content":{"rendered":"<p>Am Samstag 28.01. kr\u00f6nt sich die 14 j\u00e4hrige Schicho Anika zur U18 Nummer 1 \u00d6sterreichs. (geb.:01.03.2002)<\/p>\n<p>Am Foto die stolzen Trainer, Masaki Ueda, Robert Haas, Toni Summer mit Ihrem Sch\u00fctzling <strong>Anika Schicho<\/strong><\/p>\n<p>&nbsp;<\/p>\n<p>Zur Geschichte: Im September des Vorjahres hat Anika im \u00d6sterreichischen Zentrum f\u00fcr Leistungssport \u201eS\u00fcdstadt\u201c begonnen. Gleich in der zweiten Schulwoche, bei den schulischen Kennenlerntagen hat sich Anika einen komplizierten Bruch des Schienbeinkopfes zugezogen. Ergebnis ein halbes Jahr Heilungsprozess.\u00a0 Lange Zeit davon von Judo keine Rede, psychische Durchh\u00e4nger, Belastungsschmerzen des gesunden Knies und H\u00fcfte, eigentlich die logische Folge. Bis vor wenigen Tagen war der Start bei dieser \u00d6sterreichischen Meisterschaft noch nicht gewiss und von so einem Erfolg gar nicht zu tr\u00e4umen.<\/p>\n<p>Ohne die hervorragende Arbeit und Betreuung des S\u00fcdstadt Arztes Dr.Brandner Lukas, den Physiotherapeuten Schlerith Clemens und Gr\u00f6bl Thomas, und des JudoCheftrainers der S\u00fcdstadt Summer Anton w\u00e4re dieser Erfolg nicht m\u00f6glich gewesen.<\/p>\n<p>Ein gro\u00dfes Dankesch\u00f6n an dieser Stelle!<\/p>\n<p>Aber wieder zum Wettkampf &gt; F\u00fcnf Ippon Siege vor Ablauf der Zeit, in einer Art als ob dies das normalste der Welt w\u00e4re, waren Anikas Visitenkarte an diesem Tag. Gratulation vom U18 Nationalteam Trainer, Hofer Ernst waren die logische Folge. Der Teamtrainer sah auch gleichzeitig eine Best\u00e4tigung von Anikas erster U18 Teameinberufung \u00a0f\u00fcr ein Europacup Qualiturnier am 12. Februar in Italien.<\/p>\n<p>Gratulation Anika und alles Gute wenn du im Februar dein Land in Italien vertrittst!<\/p>\n","protected":false},"excerpt":{"rendered":"<p>Am Samstag 28.01. kr\u00f6nt sich die 14 j\u00e4hrige Schicho Anika zur U18 Nummer 1 \u00d6sterreichs. (geb.:01.03.2002) Am Foto die stolzen Trainer, Masaki Ueda, Robert Haas, Toni Summer mit Ihrem Sch\u00fctzling &#8230;<\/p>\n","protected":false},"author":4,"featured_media":1321,"comment_status":"closed","ping_status":"closed","sticky":false,"template":"","format":"standard","meta":{"footnotes":""},"categories":[1],"tags":[],"class_list":["post-1320","post","type-post","status-publish","format-standard","has-post-thumbnail","hentry","category-allgemein"],"_links":{"self":[{"href":"https:\/\/judounion-klosterneuburg.at\/judo\/wp-json\/wp\/v2\/posts\/1320","targetHints":{"allow":["GET"]}}],"collection":[{"href":"https:\/\/judounion-klosterneuburg.at\/judo\/wp-json\/wp\/v2\/posts"}],"about":[{"href":"https:\/\/judounion-klosterneuburg.at\/judo\/wp-json\/wp\/v2\/types\/post"}],"author":[{"embeddable":true,"href":"https:\/\/judounion-klosterneuburg.at\/judo\/wp-json\/wp\/v2\/users\/4"}],"replies":[{"embeddable":true,"href":"https:\/\/judounion-klosterneuburg.at\/judo\/wp-json\/wp\/v2\/comments?post=1320"}],"version-history":[{"count":4,"href":"https:\/\/judounion-klosterneuburg.at\/judo\/wp-json\/wp\/v2\/posts\/1320\/revisions"}],"predecessor-version":[{"id":1326,"href":"https:\/\/judounion-klosterneuburg.at\/judo\/wp-json\/wp\/v2\/posts\/1320\/revisions\/1326"}],"wp:featuredmedia":[{"embeddable":true,"href":"https:\/\/judounion-klosterneuburg.at\/judo\/wp-json\/wp\/v2\/media\/1321"}],"wp:attachment":[{"href":"https:\/\/judounion-klosterneuburg.at\/judo\/wp-json\/wp\/v2\/media?parent=1320"}],"wp:term":[{"taxonomy":"category","embeddable":true,"href":"https:\/\/judounion-klosterneuburg.at\/judo\/wp-json\/wp\/v2\/categories?post=1320"},{"taxonomy":"post_tag","embeddable":true,"href":"https:\/\/judounion-klosterneuburg.at\/judo\/wp-json\/wp\/v2\/tags?post=1320"}],"curies":[{"name":"wp","href":"https:\/\/api.w.org\/{rel}","templated":true}]}}