{"id":1521,"date":"2017-05-07T18:30:50","date_gmt":"2017-05-07T16:30:50","guid":{"rendered":"https:\/\/judoclub-klosterneuburg.at\/judo\/?p=1521"},"modified":"2017-05-07T18:30:50","modified_gmt":"2017-05-07T16:30:50","slug":"tag-des-sports-in-klosterneuburg","status":"publish","type":"post","link":"https:\/\/judounion-klosterneuburg.at\/judo\/tag-des-sports-in-klosterneuburg\/","title":{"rendered":"Tag des Sports in Klosterneuburg"},"content":{"rendered":"<p>Am 6.Mai war Tag des Sports in Klosterneuburg! Bei Kaiserwetter war der Judoclub Klosterneuburg Stand wie auch schon letztes Mal der Sch\u00f6nste am Gel\u00e4nde! Danke an die <a href=\"http:\/\/www.wohnkraft.net\/\">Fa. Wohnkraft<\/a> die unseren Stand so wohnlich und heimelig gestaltet hat. Danke an alle Helfer die im Vorfeld und bei der Veranstaltung dabei waren und f\u00fcr eine erstklassige Pr\u00e4sentation des JC Klosterneuburg gesorgt haben!<\/p>\n<p><strong>was war:<\/strong><\/p>\n<p>Wir waren mit Judovorf\u00fchrungen, Workshop &#8222;richtig Fallen&#8220;, Workshop &#8222;erste Judow\u00fcrfe&#8220;, einer Judovorf\u00fchrung auf der Hauptb\u00fchne und jede Menge Spiel und Spa\u00df am Programm der Veranstaltung. Schicho Anika war als ein Teil des Sportlertalks auf der Hauptb\u00fchne neben Michaela Dorfmeister, Robert Glaser und Corinna Kuhnle. Die frischgebackene Landeshauptfrau Johanna Mikl Leitner und die Gemeindef\u00fchrung kam uns am Stand besuchen, Auch Michaela Dorfmeister nach sich nach dem Sportlertalk sehr lange Zeit und besuchte uns. Sie war f\u00fcr ein paar kleine Sp\u00e4\u00dfchen zu haben, und plauderte sehr sympatisch mit Anika \u00fcber Sponsoring, Schafe, Sportf\u00f6rderungen in N\u00d6, motorische Ausbildung im Schisport, usw. usw.<\/p>\n<p><img loading=\"lazy\" decoding=\"async\" class=\"alignnone size-medium wp-image-1523\" src=\"https:\/\/judoclub-klosterneuburg.at\/judo\/wp-content\/uploads\/2017\/05\/tag1-300x200.jpg\" alt=\"\" width=\"300\" height=\"200\" srcset=\"https:\/\/judounion-klosterneuburg.at\/judo\/wp-content\/uploads\/2017\/05\/tag1-300x200.jpg 300w, https:\/\/judounion-klosterneuburg.at\/judo\/wp-content\/uploads\/2017\/05\/tag1-768x512.jpg 768w, https:\/\/judounion-klosterneuburg.at\/judo\/wp-content\/uploads\/2017\/05\/tag1.jpg 913w\" sizes=\"auto, (max-width: 300px) 100vw, 300px\" \/><\/p>\n<p>Landeshauptfrau Johanna Mikl-Leitner, Bgm. Schmuckenschlager, KR STR Czerny und STR Dr. Eder bei uns.<\/p>\n<p><a href=\"https:\/\/goo.gl\/photos\/9oo2BqaTePpt6qsv5\">Petras FOTOS hier<\/a><\/p>\n<p><a href=\"https:\/\/goo.gl\/photos\/N9zBVyGuqk6dd4c6A\">Christians FOTOS hier<\/a><\/p>\n","protected":false},"excerpt":{"rendered":"<p>Am 6.Mai war Tag des Sports in Klosterneuburg! Bei Kaiserwetter war der Judoclub Klosterneuburg Stand wie auch schon letztes Mal der Sch\u00f6nste am Gel\u00e4nde! Danke an die Fa. Wohnkraft die &#8230;<\/p>\n","protected":false},"author":4,"featured_media":1522,"comment_status":"closed","ping_status":"closed","sticky":false,"template":"","format":"standard","meta":{"footnotes":""},"categories":[1],"tags":[],"class_list":["post-1521","post","type-post","status-publish","format-standard","has-post-thumbnail","hentry","category-allgemein"],"_links":{"self":[{"href":"https:\/\/judounion-klosterneuburg.at\/judo\/wp-json\/wp\/v2\/posts\/1521","targetHints":{"allow":["GET"]}}],"collection":[{"href":"https:\/\/judounion-klosterneuburg.at\/judo\/wp-json\/wp\/v2\/posts"}],"about":[{"href":"https:\/\/judounion-klosterneuburg.at\/judo\/wp-json\/wp\/v2\/types\/post"}],"author":[{"embeddable":true,"href":"https:\/\/judounion-klosterneuburg.at\/judo\/wp-json\/wp\/v2\/users\/4"}],"replies":[{"embeddable":true,"href":"https:\/\/judounion-klosterneuburg.at\/judo\/wp-json\/wp\/v2\/comments?post=1521"}],"version-history":[{"count":1,"href":"https:\/\/judounion-klosterneuburg.at\/judo\/wp-json\/wp\/v2\/posts\/1521\/revisions"}],"predecessor-version":[{"id":1524,"href":"https:\/\/judounion-klosterneuburg.at\/judo\/wp-json\/wp\/v2\/posts\/1521\/revisions\/1524"}],"wp:featuredmedia":[{"embeddable":true,"href":"https:\/\/judounion-klosterneuburg.at\/judo\/wp-json\/wp\/v2\/media\/1522"}],"wp:attachment":[{"href":"https:\/\/judounion-klosterneuburg.at\/judo\/wp-json\/wp\/v2\/media?parent=1521"}],"wp:term":[{"taxonomy":"category","embeddable":true,"href":"https:\/\/judounion-klosterneuburg.at\/judo\/wp-json\/wp\/v2\/categories?post=1521"},{"taxonomy":"post_tag","embeddable":true,"href":"https:\/\/judounion-klosterneuburg.at\/judo\/wp-json\/wp\/v2\/tags?post=1521"}],"curies":[{"name":"wp","href":"https:\/\/api.w.org\/{rel}","templated":true}]}}