{"id":2076,"date":"2018-04-22T19:36:23","date_gmt":"2018-04-22T17:36:23","guid":{"rendered":"https:\/\/judoclub-klosterneuburg.at\/judo\/?p=2076"},"modified":"2018-04-22T19:37:14","modified_gmt":"2018-04-22T17:37:14","slug":"guertelpruefungen-4","status":"publish","type":"post","link":"https:\/\/judounion-klosterneuburg.at\/judo\/guertelpruefungen-4\/","title":{"rendered":"G\u00fcrtelpr\u00fcfungen"},"content":{"rendered":"<p>Kalenderwoche 16 &gt;&gt; &#8222;wei\u00dfe Fahne&#8220; bei den G\u00fcrtelpr\u00fcfungen!<br \/>\nGratulation und viel Spa\u00df mit den neuen Farben!<br \/>\nDanke allen Eltern die mitgeholfen haben um diesen netten G\u00fcrtelpr\u00fcfungstag zu gestalten!<\/p>\n<p>&nbsp;<\/p>\n<p>&nbsp;<\/p>\n<p>&nbsp;<\/p>\n<p><img loading=\"lazy\" decoding=\"async\" class=\"alignnone wp-image-2077\" src=\"https:\/\/judoclub-klosterneuburg.at\/judo\/wp-content\/uploads\/2018\/04\/IMG-20180420-WA0001-300x148.jpg\" alt=\"\" width=\"549\" height=\"271\" srcset=\"https:\/\/judounion-klosterneuburg.at\/judo\/wp-content\/uploads\/2018\/04\/IMG-20180420-WA0001-300x148.jpg 300w, https:\/\/judounion-klosterneuburg.at\/judo\/wp-content\/uploads\/2018\/04\/IMG-20180420-WA0001-768x378.jpg 768w, https:\/\/judounion-klosterneuburg.at\/judo\/wp-content\/uploads\/2018\/04\/IMG-20180420-WA0001-1024x504.jpg 1024w, https:\/\/judounion-klosterneuburg.at\/judo\/wp-content\/uploads\/2018\/04\/IMG-20180420-WA0001.jpg 1328w\" sizes=\"auto, (max-width: 549px) 100vw, 549px\" \/> <img loading=\"lazy\" decoding=\"async\" class=\"alignnone wp-image-2078\" src=\"https:\/\/judoclub-klosterneuburg.at\/judo\/wp-content\/uploads\/2018\/04\/IMG-20180420-WA0000-300x183.jpg\" alt=\"\" width=\"548\" height=\"334\" srcset=\"https:\/\/judounion-klosterneuburg.at\/judo\/wp-content\/uploads\/2018\/04\/IMG-20180420-WA0000-300x183.jpg 300w, https:\/\/judounion-klosterneuburg.at\/judo\/wp-content\/uploads\/2018\/04\/IMG-20180420-WA0000-768x468.jpg 768w, https:\/\/judounion-klosterneuburg.at\/judo\/wp-content\/uploads\/2018\/04\/IMG-20180420-WA0000-1024x624.jpg 1024w, https:\/\/judounion-klosterneuburg.at\/judo\/wp-content\/uploads\/2018\/04\/IMG-20180420-WA0000.jpg 1245w\" sizes=\"auto, (max-width: 548px) 100vw, 548px\" \/><\/p>\n","protected":false},"excerpt":{"rendered":"<p>Kalenderwoche 16 &gt;&gt; &#8222;wei\u00dfe Fahne&#8220; bei den G\u00fcrtelpr\u00fcfungen! Gratulation und viel Spa\u00df mit den neuen Farben! Danke allen Eltern die mitgeholfen haben um diesen netten G\u00fcrtelpr\u00fcfungstag zu gestalten! &nbsp; &nbsp; &#8230;<\/p>\n","protected":false},"author":4,"featured_media":2078,"comment_status":"closed","ping_status":"closed","sticky":false,"template":"","format":"standard","meta":{"footnotes":""},"categories":[1],"tags":[],"class_list":["post-2076","post","type-post","status-publish","format-standard","has-post-thumbnail","hentry","category-allgemein"],"_links":{"self":[{"href":"https:\/\/judounion-klosterneuburg.at\/judo\/wp-json\/wp\/v2\/posts\/2076","targetHints":{"allow":["GET"]}}],"collection":[{"href":"https:\/\/judounion-klosterneuburg.at\/judo\/wp-json\/wp\/v2\/posts"}],"about":[{"href":"https:\/\/judounion-klosterneuburg.at\/judo\/wp-json\/wp\/v2\/types\/post"}],"author":[{"embeddable":true,"href":"https:\/\/judounion-klosterneuburg.at\/judo\/wp-json\/wp\/v2\/users\/4"}],"replies":[{"embeddable":true,"href":"https:\/\/judounion-klosterneuburg.at\/judo\/wp-json\/wp\/v2\/comments?post=2076"}],"version-history":[{"count":2,"href":"https:\/\/judounion-klosterneuburg.at\/judo\/wp-json\/wp\/v2\/posts\/2076\/revisions"}],"predecessor-version":[{"id":2080,"href":"https:\/\/judounion-klosterneuburg.at\/judo\/wp-json\/wp\/v2\/posts\/2076\/revisions\/2080"}],"wp:featuredmedia":[{"embeddable":true,"href":"https:\/\/judounion-klosterneuburg.at\/judo\/wp-json\/wp\/v2\/media\/2078"}],"wp:attachment":[{"href":"https:\/\/judounion-klosterneuburg.at\/judo\/wp-json\/wp\/v2\/media?parent=2076"}],"wp:term":[{"taxonomy":"category","embeddable":true,"href":"https:\/\/judounion-klosterneuburg.at\/judo\/wp-json\/wp\/v2\/categories?post=2076"},{"taxonomy":"post_tag","embeddable":true,"href":"https:\/\/judounion-klosterneuburg.at\/judo\/wp-json\/wp\/v2\/tags?post=2076"}],"curies":[{"name":"wp","href":"https:\/\/api.w.org\/{rel}","templated":true}]}}