{"id":2118,"date":"2018-05-14T21:25:34","date_gmt":"2018-05-14T19:25:34","guid":{"rendered":"https:\/\/judoclub-klosterneuburg.at\/judo\/?p=2118"},"modified":"2018-05-14T21:25:34","modified_gmt":"2018-05-14T19:25:34","slug":"fenstertagtrainingstag","status":"publish","type":"post","link":"https:\/\/judounion-klosterneuburg.at\/judo\/fenstertagtrainingstag\/","title":{"rendered":"Fenstertag=Trainingstag!"},"content":{"rendered":"<p>Freitag 11.05. Schulfrei autonomer Fenstertag &gt;&gt;&gt; 26 Klosterneuburger Judokinder verbringen den ganzen Tag im Bundessportzentrum f\u00fcr Leistungssport &#8222;<a href=\"http:\/\/www.oelsz.at\/\">\u00d6LSZ S\u00fcdstadt<\/a>&#8222;, um dort in dem Rahmen den die \u00d6sterreichischen Profisportler der Sommersportarten haben, den Tag mit Spiel, Spa\u00df und Training zu verbringen!<br \/>\nVormittag&gt; Laufen, Zirkeltraining, verschiedene Spiele<br \/>\nMittag&gt; Zwiebelsuppe, Fisch mit Gem\u00fcse od. Gem\u00fcseeintopf, Pudding oder Waldbeercreme<br \/>\nNachmit<span class=\"text_exposed_show\">tag 1&gt; Kletterwand bouldern, Trampolin, balancieren und Slag line und wieder Spielchen&#8230;.alles mit dem S\u00fcdstadttrainer Dubiser Alex<br \/>\nJause&gt; Bananen und M\u00fcsliriegel<br \/>\nNachmittag 2&gt; Judotraining mit Summer Anton ebenfalls Trainer der S\u00fcdstadtsportler<br \/>\nDie beiden Profitrainer waren begeistert von der Einsatzfreude, der Einsatzbereitschaft, dem Ehrgeiz und dem Talent &#8222;unserer&#8220; Kinder!<\/span><\/p>\n<p><img loading=\"lazy\" decoding=\"async\" class=\"alignnone  wp-image-2119\" src=\"https:\/\/judoclub-klosterneuburg.at\/judo\/wp-content\/uploads\/2018\/05\/DSC_0107-1024x416-300x122.jpg\" alt=\"\" width=\"610\" height=\"248\" srcset=\"https:\/\/judounion-klosterneuburg.at\/judo\/wp-content\/uploads\/2018\/05\/DSC_0107-1024x416-300x122.jpg 300w, https:\/\/judounion-klosterneuburg.at\/judo\/wp-content\/uploads\/2018\/05\/DSC_0107-1024x416-768x312.jpg 768w, https:\/\/judounion-klosterneuburg.at\/judo\/wp-content\/uploads\/2018\/05\/DSC_0107-1024x416.jpg 1024w\" sizes=\"auto, (max-width: 610px) 100vw, 610px\" \/><\/p>\n","protected":false},"excerpt":{"rendered":"<p>Freitag 11.05. Schulfrei autonomer Fenstertag &gt;&gt;&gt; 26 Klosterneuburger Judokinder verbringen den ganzen Tag im Bundessportzentrum f\u00fcr Leistungssport &#8222;\u00d6LSZ S\u00fcdstadt&#8222;, um dort in dem Rahmen den die \u00d6sterreichischen Profisportler der Sommersportarten &#8230;<\/p>\n","protected":false},"author":4,"featured_media":2119,"comment_status":"closed","ping_status":"closed","sticky":false,"template":"","format":"standard","meta":{"footnotes":""},"categories":[1],"tags":[],"class_list":["post-2118","post","type-post","status-publish","format-standard","has-post-thumbnail","hentry","category-allgemein"],"_links":{"self":[{"href":"https:\/\/judounion-klosterneuburg.at\/judo\/wp-json\/wp\/v2\/posts\/2118","targetHints":{"allow":["GET"]}}],"collection":[{"href":"https:\/\/judounion-klosterneuburg.at\/judo\/wp-json\/wp\/v2\/posts"}],"about":[{"href":"https:\/\/judounion-klosterneuburg.at\/judo\/wp-json\/wp\/v2\/types\/post"}],"author":[{"embeddable":true,"href":"https:\/\/judounion-klosterneuburg.at\/judo\/wp-json\/wp\/v2\/users\/4"}],"replies":[{"embeddable":true,"href":"https:\/\/judounion-klosterneuburg.at\/judo\/wp-json\/wp\/v2\/comments?post=2118"}],"version-history":[{"count":1,"href":"https:\/\/judounion-klosterneuburg.at\/judo\/wp-json\/wp\/v2\/posts\/2118\/revisions"}],"predecessor-version":[{"id":2120,"href":"https:\/\/judounion-klosterneuburg.at\/judo\/wp-json\/wp\/v2\/posts\/2118\/revisions\/2120"}],"wp:featuredmedia":[{"embeddable":true,"href":"https:\/\/judounion-klosterneuburg.at\/judo\/wp-json\/wp\/v2\/media\/2119"}],"wp:attachment":[{"href":"https:\/\/judounion-klosterneuburg.at\/judo\/wp-json\/wp\/v2\/media?parent=2118"}],"wp:term":[{"taxonomy":"category","embeddable":true,"href":"https:\/\/judounion-klosterneuburg.at\/judo\/wp-json\/wp\/v2\/categories?post=2118"},{"taxonomy":"post_tag","embeddable":true,"href":"https:\/\/judounion-klosterneuburg.at\/judo\/wp-json\/wp\/v2\/tags?post=2118"}],"curies":[{"name":"wp","href":"https:\/\/api.w.org\/{rel}","templated":true}]}}