{"id":2232,"date":"2018-09-01T10:32:17","date_gmt":"2018-09-01T08:32:17","guid":{"rendered":"https:\/\/judoclub-klosterneuburg.at\/judo\/?p=2232"},"modified":"2018-09-01T10:50:01","modified_gmt":"2018-09-01T08:50:01","slug":"waldseilpark","status":"publish","type":"post","link":"https:\/\/judounion-klosterneuburg.at\/judo\/waldseilpark\/","title":{"rendered":"Waldseilpark"},"content":{"rendered":"<p>&#8230;letzter Ferienspa\u00df f\u00fcr diese Sommerferien: &#8222;Nachtklettern!&#8220;<br \/>\nam Freitag 31.8. die letzte FerienJudoTrainingseinheit, und anschliessend geschlossen auf den Kahlenberg in den Waldseilpark zum Nachtklettern! 26 Klosterneuburger liesen sich den Spa\u00df nicht entgehen! Der gro\u00dfe Vorteil beim Nachtklettern: &#8222;Keine H\u00f6henangst, da man den Boden eh nicht sieht!&#8220; <span class=\"_5mfr _47e3\"><img loading=\"lazy\" decoding=\"async\" class=\"img\" role=\"presentation\" src=\"https:\/\/static.xx.fbcdn.net\/images\/emoji.php\/v9\/f52\/1\/16\/1f923.png\" alt=\"\" width=\"16\" height=\"16\" \/><span class=\"_7oe\">\ud83e\udd23<\/span><\/span><span class=\"_5mfr _47e3\"><img loading=\"lazy\" decoding=\"async\" class=\"img\" role=\"presentation\" src=\"https:\/\/static.xx.fbcdn.net\/images\/emoji.php\/v9\/fb7\/1\/16\/1f917.png\" alt=\"\" width=\"16\" height=\"16\" \/><span class=\"_7oe\">\ud83e\udd17<\/span><\/span><span class=\"_5mfr _47e3\"><img loading=\"lazy\" decoding=\"async\" class=\"img\" role=\"presentation\" src=\"https:\/\/static.xx.fbcdn.net\/images\/emoji.php\/v9\/fd0\/1\/16\/1f602.png\" alt=\"\" width=\"16\" height=\"16\" \/><span class=\"_7oe\">\ud83d\ude02<\/span><\/span><br \/>\nViel Spa\u00df macht nat\u00fcrlich auch Flying Fox ins Dunkle- Ungewisse hinein!<\/p>\n<p><img loading=\"lazy\" decoding=\"async\" class=\"alignnone wp-image-2233\" src=\"https:\/\/judoclub-klosterneuburg.at\/judo\/wp-content\/uploads\/2018\/09\/IMG-20180831-WA0009-800x600-300x225.jpg\" alt=\"\" width=\"611\" height=\"458\" srcset=\"https:\/\/judounion-klosterneuburg.at\/judo\/wp-content\/uploads\/2018\/09\/IMG-20180831-WA0009-800x600-300x225.jpg 300w, https:\/\/judounion-klosterneuburg.at\/judo\/wp-content\/uploads\/2018\/09\/IMG-20180831-WA0009-800x600-768x576.jpg 768w, https:\/\/judounion-klosterneuburg.at\/judo\/wp-content\/uploads\/2018\/09\/IMG-20180831-WA0009-800x600-268x201.jpg 268w, https:\/\/judounion-klosterneuburg.at\/judo\/wp-content\/uploads\/2018\/09\/IMG-20180831-WA0009-800x600.jpg 800w\" sizes=\"auto, (max-width: 611px) 100vw, 611px\" \/><\/p>\n<p><img loading=\"lazy\" decoding=\"async\" class=\"alignnone wp-image-2234\" src=\"https:\/\/judoclub-klosterneuburg.at\/judo\/wp-content\/uploads\/2018\/09\/IMG-20180831-WA0002-225x300.jpg\" alt=\"\" width=\"321\" height=\"428\" srcset=\"https:\/\/judounion-klosterneuburg.at\/judo\/wp-content\/uploads\/2018\/09\/IMG-20180831-WA0002-225x300.jpg 225w, https:\/\/judounion-klosterneuburg.at\/judo\/wp-content\/uploads\/2018\/09\/IMG-20180831-WA0002-768x1024.jpg 768w, https:\/\/judounion-klosterneuburg.at\/judo\/wp-content\/uploads\/2018\/09\/IMG-20180831-WA0002.jpg 1200w\" sizes=\"auto, (max-width: 321px) 100vw, 321px\" \/> <img loading=\"lazy\" decoding=\"async\" class=\"alignnone wp-image-2235\" src=\"https:\/\/judoclub-klosterneuburg.at\/judo\/wp-content\/uploads\/2018\/09\/IMG-20180831-WA0007-225x300.jpg\" alt=\"\" width=\"322\" height=\"429\" srcset=\"https:\/\/judounion-klosterneuburg.at\/judo\/wp-content\/uploads\/2018\/09\/IMG-20180831-WA0007-225x300.jpg 225w, https:\/\/judounion-klosterneuburg.at\/judo\/wp-content\/uploads\/2018\/09\/IMG-20180831-WA0007-768x1024.jpg 768w, https:\/\/judounion-klosterneuburg.at\/judo\/wp-content\/uploads\/2018\/09\/IMG-20180831-WA0007.jpg 1200w\" sizes=\"auto, (max-width: 322px) 100vw, 322px\" \/><\/p>\n","protected":false},"excerpt":{"rendered":"<p>&#8230;letzter Ferienspa\u00df f\u00fcr diese Sommerferien: &#8222;Nachtklettern!&#8220; am Freitag 31.8. die letzte FerienJudoTrainingseinheit, und anschliessend geschlossen auf den Kahlenberg in den Waldseilpark zum Nachtklettern! 26 Klosterneuburger liesen sich den Spa\u00df nicht &#8230;<\/p>\n","protected":false},"author":4,"featured_media":2233,"comment_status":"closed","ping_status":"closed","sticky":false,"template":"","format":"standard","meta":{"footnotes":""},"categories":[1],"tags":[],"class_list":["post-2232","post","type-post","status-publish","format-standard","has-post-thumbnail","hentry","category-allgemein"],"_links":{"self":[{"href":"https:\/\/judounion-klosterneuburg.at\/judo\/wp-json\/wp\/v2\/posts\/2232","targetHints":{"allow":["GET"]}}],"collection":[{"href":"https:\/\/judounion-klosterneuburg.at\/judo\/wp-json\/wp\/v2\/posts"}],"about":[{"href":"https:\/\/judounion-klosterneuburg.at\/judo\/wp-json\/wp\/v2\/types\/post"}],"author":[{"embeddable":true,"href":"https:\/\/judounion-klosterneuburg.at\/judo\/wp-json\/wp\/v2\/users\/4"}],"replies":[{"embeddable":true,"href":"https:\/\/judounion-klosterneuburg.at\/judo\/wp-json\/wp\/v2\/comments?post=2232"}],"version-history":[{"count":2,"href":"https:\/\/judounion-klosterneuburg.at\/judo\/wp-json\/wp\/v2\/posts\/2232\/revisions"}],"predecessor-version":[{"id":2237,"href":"https:\/\/judounion-klosterneuburg.at\/judo\/wp-json\/wp\/v2\/posts\/2232\/revisions\/2237"}],"wp:featuredmedia":[{"embeddable":true,"href":"https:\/\/judounion-klosterneuburg.at\/judo\/wp-json\/wp\/v2\/media\/2233"}],"wp:attachment":[{"href":"https:\/\/judounion-klosterneuburg.at\/judo\/wp-json\/wp\/v2\/media?parent=2232"}],"wp:term":[{"taxonomy":"category","embeddable":true,"href":"https:\/\/judounion-klosterneuburg.at\/judo\/wp-json\/wp\/v2\/categories?post=2232"},{"taxonomy":"post_tag","embeddable":true,"href":"https:\/\/judounion-klosterneuburg.at\/judo\/wp-json\/wp\/v2\/tags?post=2232"}],"curies":[{"name":"wp","href":"https:\/\/api.w.org\/{rel}","templated":true}]}}