{"id":2511,"date":"2019-01-28T09:08:31","date_gmt":"2019-01-28T08:08:31","guid":{"rendered":"https:\/\/judoclub-klosterneuburg.at\/judo\/?p=2511"},"modified":"2019-01-30T21:16:41","modified_gmt":"2019-01-30T20:16:41","slug":"oesterreichische-meisterschaft-u18-und-u23-2","status":"publish","type":"post","link":"https:\/\/judounion-klosterneuburg.at\/judo\/oesterreichische-meisterschaft-u18-und-u23-2\/","title":{"rendered":"\u00d6sterreichische Meisterschaft U18 und U23"},"content":{"rendered":"<p>Dieses Wochenende fanden die \u00d6M U18 und U23 in Klagenfurt\/K statt. Der JC Klosterneuburg war mit neun Jugendlichen dabei um sich mit der Judoelite \u00d6sterreichs zu messen.<br \/>\nSa. 26.01.2019 &gt; \u00d6M U18<br \/>\nFORTNER Jessica wird \u00d6sterreichische Meisterin in der Klasse bis 63kg &gt; ein Sieg nach dem anderen brachte sie ins Finale welches sie dann in einer Rekordzeit von nicht einmal 20 Sekunden gewonnen hat! GOLD f\u00fcr Jessi &gt; Gratulation<br \/>\nAUST Phillip &#8211;<span class=\"text_exposed_show\">60kg\/ gewinnt in einer der st\u00e4rksten Gruppen des Tages einen Kampf nach dem anderen, bis er sich im Finale \u00d6sterreichs Nr.1 leider geschlagen geben musste! SILBER f\u00fcr Phillip &gt; Gratulation<br \/>\nBIEBER Paul -55kg \/ nach sehr langer Verletzungspause und einer sehr schweren Auslosung, zeigt Pauli Charakter und holt sich die Bronzemedaille &gt; Gratulation Paul<br \/>\nL\u00d6FFLER Nicolas -66kg\/ zeigt sehr variantenreiches angstloses Judo, schmeisst damit auch den einen oder anderen Favoriten aus dem Bewerb und erk\u00e4mpft verdient die Bronzemedaille &gt; Gratulation Nicolas<br \/>\nBAMBERGER Julia -57kg und GADERMAIER Katja -52kg &gt; beide nur den Kampf um den Einzug ins Finale verloren und verdient Bronze erk\u00e4mpft! &gt; Gratulation Julia und Katja<br \/>\nG\u00dcM\u00dcSKAYA Leon und VON SCHRADER Ruben zogen beide im Kampf um Platz drei den K\u00fcrzeren &gt; leider beide Platz 5.<\/span><\/p>\n<div class=\"text_exposed_show\">\n<p>Keines der Klosterneuburger Kinder ist \u00c4lter als 15 Jahre!!! Alle d\u00fcrfen daher n\u00e4chstes Jahr noch mal bei der \u00d6M U18 teilnehmen!<br \/>\nZus\u00e4tzlich wird diese junge Truppe mit diesen sechs Medaillen, (1x Gold, 1x Silber und 4x Bronze) bester N\u00d6 Verein!<\/p>\n<p>So. 27.01.2019 &gt; \u00d6M U23<br \/>\nNach den j\u00fcngsten Erfolgen unserer jungen Damen beschlossen wir sie am U23 Bewerb ebenfalls teilnehmen zu lassen &gt; und wie sich zeigt: &#8222;Mehr als Berechtigt!&#8220;<br \/>\nFORTNER Jessica macht den 2.Platz, setzt damit nach dem Titel des U18 Bewerbes noch den Vizemeisterinnen Titel im U23 Bewerb oben drauf! Jessica geh\u00f6rt daher mit ihren 15 Jahren zu den Fixpunkten in allen Altersklassen!<br \/>\nGADERMAIER Katja, gelingt ebenfalls eine kleine Sensation mit ihren ebenfalls 15 Jahren erk\u00e4mpft sie die Bronzemedaille!<\/p>\n<p>Zus\u00e4tzliches &#8222;Zuckerl&#8220; &gt; oder anders gesagt &#8222;Was stolz macht!&#8220;<br \/>\nAm Ende der beiden Meisterschaftstage teilte uns der U18 Nationalteamtrainer mit, dass er !!F\u00dcNF!! unserer Kinder die Chance geben wird am n\u00e4chsten U18 Europacup starten zu d\u00fcrfen!<br \/>\nDamit werden n\u00e4chste Woche 2 M\u00e4dchen und 3 Burschen aus Klosterneuburg die Ehre haben f\u00fcr \u00d6sterreich die Farben beim U18 Europacup in Follonica\/ Ital. vertreten zu d\u00fcrfen!<br \/>\nFast alle unserer StarterInnen sind SportlerInnen des \u00d6LSZ S\u00fcdstadt wo sie schulische Ausbildung mit Sport optimal verbinden k\u00f6nnen!<\/p>\n<p>Zu Peters <a href=\"https:\/\/photos.app.goo.gl\/ePNrpNaUfwurJyjC8\">Fotoalbum HIER<\/a><\/p>\n<p>Zu Christians <a href=\"https:\/\/photos.app.goo.gl\/PUUL5pg9N49b31Bu9\">Fotoalbum (U23) HIER<\/a><\/p>\n<p>Am Foto:<br \/>\nSportlerInnen hinten v.l.n.r.: AUST Phillip, L\u00d6FFLER Nicolas, FORTNER Jessica, BAMBERGER Julia<br \/>\nvorne v.l.n.r.: VON SCHRADER Ruben, GADERMAIER Katja, Bieber Paul<br \/>\ndanke an die beiden \u00d6LSZ S\u00fcdstadt Trainer (ganz rechts): SUMMER Anton und EGGENFELLNER Axel<\/p>\n<p><img loading=\"lazy\" decoding=\"async\" class=\"alignnone wp-image-2512\" src=\"https:\/\/judoclub-klosterneuburg.at\/judo\/wp-content\/uploads\/2019\/01\/449A5315-300x200.jpg\" alt=\"\" width=\"752\" height=\"501\" srcset=\"https:\/\/judounion-klosterneuburg.at\/judo\/wp-content\/uploads\/2019\/01\/449A5315-300x200.jpg 300w, https:\/\/judounion-klosterneuburg.at\/judo\/wp-content\/uploads\/2019\/01\/449A5315-768x512.jpg 768w, https:\/\/judounion-klosterneuburg.at\/judo\/wp-content\/uploads\/2019\/01\/449A5315.jpg 916w\" sizes=\"auto, (max-width: 752px) 100vw, 752px\" \/><\/p>\n<\/div>\n","protected":false},"excerpt":{"rendered":"<p>Dieses Wochenende fanden die \u00d6M U18 und U23 in Klagenfurt\/K statt. Der JC Klosterneuburg war mit neun Jugendlichen dabei um sich mit der Judoelite \u00d6sterreichs zu messen. Sa. 26.01.2019 &gt; &#8230;<\/p>\n","protected":false},"author":4,"featured_media":2512,"comment_status":"closed","ping_status":"closed","sticky":false,"template":"","format":"standard","meta":{"footnotes":""},"categories":[1],"tags":[],"class_list":["post-2511","post","type-post","status-publish","format-standard","has-post-thumbnail","hentry","category-allgemein"],"_links":{"self":[{"href":"https:\/\/judounion-klosterneuburg.at\/judo\/wp-json\/wp\/v2\/posts\/2511","targetHints":{"allow":["GET"]}}],"collection":[{"href":"https:\/\/judounion-klosterneuburg.at\/judo\/wp-json\/wp\/v2\/posts"}],"about":[{"href":"https:\/\/judounion-klosterneuburg.at\/judo\/wp-json\/wp\/v2\/types\/post"}],"author":[{"embeddable":true,"href":"https:\/\/judounion-klosterneuburg.at\/judo\/wp-json\/wp\/v2\/users\/4"}],"replies":[{"embeddable":true,"href":"https:\/\/judounion-klosterneuburg.at\/judo\/wp-json\/wp\/v2\/comments?post=2511"}],"version-history":[{"count":2,"href":"https:\/\/judounion-klosterneuburg.at\/judo\/wp-json\/wp\/v2\/posts\/2511\/revisions"}],"predecessor-version":[{"id":2514,"href":"https:\/\/judounion-klosterneuburg.at\/judo\/wp-json\/wp\/v2\/posts\/2511\/revisions\/2514"}],"wp:featuredmedia":[{"embeddable":true,"href":"https:\/\/judounion-klosterneuburg.at\/judo\/wp-json\/wp\/v2\/media\/2512"}],"wp:attachment":[{"href":"https:\/\/judounion-klosterneuburg.at\/judo\/wp-json\/wp\/v2\/media?parent=2511"}],"wp:term":[{"taxonomy":"category","embeddable":true,"href":"https:\/\/judounion-klosterneuburg.at\/judo\/wp-json\/wp\/v2\/categories?post=2511"},{"taxonomy":"post_tag","embeddable":true,"href":"https:\/\/judounion-klosterneuburg.at\/judo\/wp-json\/wp\/v2\/tags?post=2511"}],"curies":[{"name":"wp","href":"https:\/\/api.w.org\/{rel}","templated":true}]}}