{"id":2580,"date":"2019-03-09T21:21:08","date_gmt":"2019-03-09T20:21:08","guid":{"rendered":"https:\/\/judoclub-klosterneuburg.at\/judo\/?p=2580"},"modified":"2021-03-11T20:59:19","modified_gmt":"2021-03-11T19:59:19","slug":"rekord-beim-calimerotreffen","status":"publish","type":"post","link":"https:\/\/judounion-klosterneuburg.at\/judo\/rekord-beim-calimerotreffen\/","title":{"rendered":"Rekord beim Calimerotreffen!"},"content":{"rendered":"<p>Am Samstag 09.03. war der Start des siebten Jahres der Calimeroserie, mit der ersten Runde des Calimerotreffens.<br \/>\nDas Calimerotreffen wird 3x im Kalenderjahr durchgef\u00fchrt, ist ein Treffen zwischen den Galaxy Tigers und dem JC Klosterneuburg, um die Kleinsten an die Wettkampfluft heranzuf\u00fchren.<br \/>\nDie Rekordteilnehmerzahl von 37 Klosterneuburger Judoneulinge haben ihre ersten Schritte in die Judo-Wettkampfwelt gewagt. Bekanntlich beginnt jeder, auch <span class=\"text_exposed_show\">noch so lange Weg mit dem ersten Schritt <span class=\"_5mfr\"><span class=\"_6qdm\">\ud83d\ude09<\/span><\/span>. Den Trainer freut dass es so eine gro\u00dfe Menge an Eltern gibt die auf Judo als Unterst\u00fctzung f\u00fcr die Entwicklung ihres Nachwuchses setzen, und ihre Kinder auch aktiv auf diesem Weg unterst\u00fctzen.<br \/>\nEs ist relativ einfach das Kind im Rahmen der Nachmittagsbetreuung Judo machen zu lassen, aber den Sch\u00fctzling zu motivieren eine Wettkampfherausforderung anzunehmen, die ganze Familie zusammen zu packen, und einen halben Tag des Wochenendes aktiv seinem Nachwuchs zu widmen ist keine Selbstverst\u00e4ndlichkeit!<br \/>\n<\/span><span class=\"text_exposed_show\">Danke auch im Namen eurer Kinder! <span class=\"_5mfr\"><span class=\"_6qdm\">\ud83d\udcaa<\/span><\/span><span class=\"_5mfr\"><span class=\"_6qdm\">\ud83e\udd70<\/span><\/span><\/span><\/p>\n<p>[ezcol_1third]<\/p>\n<p><strong>Gold<\/strong><br \/>\n13x Gold erk\u00e4mpfen:<br \/>\nHASELSTEINER Robin<br \/>\nGR\u00d6SSING Tim<br \/>\nBIALOWAS Liam<br \/>\nLEICHTFRIED Nikita<br \/>\nMIHALYI Robin (in 2 Kategorien)<br \/>\nGRASER L\u00d6SCHER Felix<br \/>\nBOLTZ Robert<br \/>\nSVETICIC Leon<br \/>\nKREIML Lilly<br \/>\nNAGY Marlen<br \/>\nPFANNHAUSER Benjamin<br \/>\nCZEGLEDY Balint<br \/>\n[\/ezcol_1third] [ezcol_1third]<\/p>\n<p><strong>Silber<\/strong><br \/>\n15x Silber f\u00fcr:<br \/>\nMOSER Felix<br \/>\nMEIER Manuel<br \/>\nWEISS Oskar<br \/>\nHASSAN Nafissa<br \/>\nGL\u00d6CKL Jonas<br \/>\nKOVACS Gabor<br \/>\nBRETTHAUER Erik<br \/>\nLOIBL Leonhard<br \/>\nSCHUSTER Christian<br \/>\nPECIK Marlies<br \/>\nTOT Lena<br \/>\nMILLONIG Josephine<br \/>\nMILLONIG Quentin<br \/>\nBICHLMAIER Julius<br \/>\nTOSIC Matej<br \/>\n[\/ezcol_1third] [ezcol_1third_end]<\/p>\n<p><strong>Bronze<\/strong><br \/>\nUnd 11x Bronze:<br \/>\nKERTESZ Mirella<br \/>\nSTEINER Philip<br \/>\nBRANTNER Sophie<br \/>\nWOLF Shyamli<br \/>\nLABUS Maximilian<br \/>\nLABUS Julius<br \/>\nMAYR Laurin<br \/>\nJAREC Wenzl<br \/>\nFINGER Florian<br \/>\nMATTES Julian (in 2 Kategorien)<br \/>\n[\/ezcol_1third_end]<\/p>\n<p><img loading=\"lazy\" decoding=\"async\" class=\"alignnone wp-image-2582\" src=\"https:\/\/judoclub-klosterneuburg.at\/judo\/wp-content\/uploads\/2019\/03\/IMG-20190309-WA0001-e1552162776724-300x215.jpg\" alt=\"\" width=\"531\" height=\"380\" srcset=\"https:\/\/judounion-klosterneuburg.at\/judo\/wp-content\/uploads\/2019\/03\/IMG-20190309-WA0001-e1552162776724-300x215.jpg 300w, https:\/\/judounion-klosterneuburg.at\/judo\/wp-content\/uploads\/2019\/03\/IMG-20190309-WA0001-e1552162776724-768x550.jpg 768w, https:\/\/judounion-klosterneuburg.at\/judo\/wp-content\/uploads\/2019\/03\/IMG-20190309-WA0001-e1552162776724-1024x734.jpg 1024w, https:\/\/judounion-klosterneuburg.at\/judo\/wp-content\/uploads\/2019\/03\/IMG-20190309-WA0001-e1552162776724.jpg 1072w\" sizes=\"auto, (max-width: 531px) 100vw, 531px\" \/><\/p>\n","protected":false},"excerpt":{"rendered":"<p>Am Samstag 09.03. war der Start des siebten Jahres der Calimeroserie, mit der ersten Runde des Calimerotreffens. Das Calimerotreffen wird 3x im Kalenderjahr durchgef\u00fchrt, ist ein Treffen zwischen den Galaxy &#8230;<\/p>\n","protected":false},"author":4,"featured_media":2583,"comment_status":"closed","ping_status":"closed","sticky":false,"template":"","format":"standard","meta":{"footnotes":""},"categories":[1],"tags":[],"class_list":["post-2580","post","type-post","status-publish","format-standard","has-post-thumbnail","hentry","category-allgemein"],"_links":{"self":[{"href":"https:\/\/judounion-klosterneuburg.at\/judo\/wp-json\/wp\/v2\/posts\/2580","targetHints":{"allow":["GET"]}}],"collection":[{"href":"https:\/\/judounion-klosterneuburg.at\/judo\/wp-json\/wp\/v2\/posts"}],"about":[{"href":"https:\/\/judounion-klosterneuburg.at\/judo\/wp-json\/wp\/v2\/types\/post"}],"author":[{"embeddable":true,"href":"https:\/\/judounion-klosterneuburg.at\/judo\/wp-json\/wp\/v2\/users\/4"}],"replies":[{"embeddable":true,"href":"https:\/\/judounion-klosterneuburg.at\/judo\/wp-json\/wp\/v2\/comments?post=2580"}],"version-history":[{"count":3,"href":"https:\/\/judounion-klosterneuburg.at\/judo\/wp-json\/wp\/v2\/posts\/2580\/revisions"}],"predecessor-version":[{"id":3486,"href":"https:\/\/judounion-klosterneuburg.at\/judo\/wp-json\/wp\/v2\/posts\/2580\/revisions\/3486"}],"wp:featuredmedia":[{"embeddable":true,"href":"https:\/\/judounion-klosterneuburg.at\/judo\/wp-json\/wp\/v2\/media\/2583"}],"wp:attachment":[{"href":"https:\/\/judounion-klosterneuburg.at\/judo\/wp-json\/wp\/v2\/media?parent=2580"}],"wp:term":[{"taxonomy":"category","embeddable":true,"href":"https:\/\/judounion-klosterneuburg.at\/judo\/wp-json\/wp\/v2\/categories?post=2580"},{"taxonomy":"post_tag","embeddable":true,"href":"https:\/\/judounion-klosterneuburg.at\/judo\/wp-json\/wp\/v2\/tags?post=2580"}],"curies":[{"name":"wp","href":"https:\/\/api.w.org\/{rel}","templated":true}]}}