{"id":2628,"date":"2019-04-07T20:04:16","date_gmt":"2019-04-07T18:04:16","guid":{"rendered":"https:\/\/judoclub-klosterneuburg.at\/judo\/?p=2628"},"modified":"2019-04-14T13:05:07","modified_gmt":"2019-04-14T11:05:07","slug":"vereinsmeisterschaft-2019","status":"publish","type":"post","link":"https:\/\/judounion-klosterneuburg.at\/judo\/vereinsmeisterschaft-2019\/","title":{"rendered":"Vereinsmeisterschaft 2019"},"content":{"rendered":"<p>Freitag 5.April fand unsere Vereinsmeisterschaft statt. Jede Menge beherzte Wettk\u00e4mpfe des j\u00fcngeren Teils des Klosterneuburger Judotalente! Leider kann nicht jeder gewinnen aber ich bitte euch auf unserer Homepage im Archiv nachzubl\u00e4ttern &gt; Bei der Vereinsmeisterschaft im Juni 2014 hat unser frischgebackener U16 \u00d6-Meister RABITSCH Oliver nur der 3.Platz belegt, und bei der gleichen Vereinsmeisterschaft hat die j\u00fcngste Doppelstaatsmeisterin die es je in \u00d6sterreich gegeben hat, SCHICHO Anika ebenfalls &#8222;nur&#8220; den 2.Platz belegt!<br \/>\nWas ich sagen will liegt glaube ich auf der Hand &gt;&gt; DURCHHALTEN &gt; WEITER BRAV TRAINIEREN und ich garantiere euch der Erfolg kommt von (fast) von alleine!<\/p>\n<p>&gt; Immer das n\u00e4chste Turnier ist das Wichtigste &gt; und ich freue mich schon drauf!<\/p>\n<p>Johanna und Nafissa anklicken um in Romans Fotoalbum zu kommen&#8230;<\/p>\n<p><a href=\"https:\/\/photos.app.goo.gl\/fqKb18N5cH9B5UmEA\"><img loading=\"lazy\" decoding=\"async\" class=\"alignnone wp-image-2630\" src=\"https:\/\/judoclub-klosterneuburg.at\/judo\/wp-content\/uploads\/2019\/04\/20190405-2S0A1613-426x640-200x300.jpg\" alt=\"\" width=\"330\" height=\"495\" srcset=\"https:\/\/judounion-klosterneuburg.at\/judo\/wp-content\/uploads\/2019\/04\/20190405-2S0A1613-426x640-200x300.jpg 200w, https:\/\/judounion-klosterneuburg.at\/judo\/wp-content\/uploads\/2019\/04\/20190405-2S0A1613-426x640.jpg 426w\" sizes=\"auto, (max-width: 330px) 100vw, 330px\" \/><\/a><\/p>\n<p>Das Foto mit Mario anklicken um zu <a href=\"https:\/\/www.fotowacht.at\/\">Martins Fotos<\/a> zu kommen &gt;<br \/>\nDanke Foto Martin Wacht <a href=\"https:\/\/www.fotowacht.at\/\" target=\"_blank\" rel=\"noopener noreferrer\"> https:\/\/www.fotowacht.at\/<\/a>.<\/p>\n<p><a href=\"https:\/\/www.picdrop.de\/fotowacht\/uNXv9zcxES\"><img loading=\"lazy\" decoding=\"async\" class=\"alignnone wp-image-2642\" src=\"https:\/\/judoclub-klosterneuburg.at\/judo\/wp-content\/uploads\/2019\/04\/Judo-Vereinsmeisterschaft-2019-27-800x533-300x200.jpg\" alt=\"\" width=\"487\" height=\"324\" srcset=\"https:\/\/judounion-klosterneuburg.at\/judo\/wp-content\/uploads\/2019\/04\/Judo-Vereinsmeisterschaft-2019-27-800x533-300x200.jpg 300w, https:\/\/judounion-klosterneuburg.at\/judo\/wp-content\/uploads\/2019\/04\/Judo-Vereinsmeisterschaft-2019-27-800x533-768x512.jpg 768w, https:\/\/judounion-klosterneuburg.at\/judo\/wp-content\/uploads\/2019\/04\/Judo-Vereinsmeisterschaft-2019-27-800x533.jpg 800w\" sizes=\"auto, (max-width: 487px) 100vw, 487px\" \/><\/a><\/p>\n<p>&nbsp;<\/p>\n","protected":false},"excerpt":{"rendered":"<p>Freitag 5.April fand unsere Vereinsmeisterschaft statt. Jede Menge beherzte Wettk\u00e4mpfe des j\u00fcngeren Teils des Klosterneuburger Judotalente! Leider kann nicht jeder gewinnen aber ich bitte euch auf unserer Homepage im Archiv &#8230;<\/p>\n","protected":false},"author":4,"featured_media":2629,"comment_status":"closed","ping_status":"closed","sticky":false,"template":"","format":"standard","meta":{"footnotes":""},"categories":[1],"tags":[],"class_list":["post-2628","post","type-post","status-publish","format-standard","has-post-thumbnail","hentry","category-allgemein"],"_links":{"self":[{"href":"https:\/\/judounion-klosterneuburg.at\/judo\/wp-json\/wp\/v2\/posts\/2628","targetHints":{"allow":["GET"]}}],"collection":[{"href":"https:\/\/judounion-klosterneuburg.at\/judo\/wp-json\/wp\/v2\/posts"}],"about":[{"href":"https:\/\/judounion-klosterneuburg.at\/judo\/wp-json\/wp\/v2\/types\/post"}],"author":[{"embeddable":true,"href":"https:\/\/judounion-klosterneuburg.at\/judo\/wp-json\/wp\/v2\/users\/4"}],"replies":[{"embeddable":true,"href":"https:\/\/judounion-klosterneuburg.at\/judo\/wp-json\/wp\/v2\/comments?post=2628"}],"version-history":[{"count":5,"href":"https:\/\/judounion-klosterneuburg.at\/judo\/wp-json\/wp\/v2\/posts\/2628\/revisions"}],"predecessor-version":[{"id":2644,"href":"https:\/\/judounion-klosterneuburg.at\/judo\/wp-json\/wp\/v2\/posts\/2628\/revisions\/2644"}],"wp:featuredmedia":[{"embeddable":true,"href":"https:\/\/judounion-klosterneuburg.at\/judo\/wp-json\/wp\/v2\/media\/2629"}],"wp:attachment":[{"href":"https:\/\/judounion-klosterneuburg.at\/judo\/wp-json\/wp\/v2\/media?parent=2628"}],"wp:term":[{"taxonomy":"category","embeddable":true,"href":"https:\/\/judounion-klosterneuburg.at\/judo\/wp-json\/wp\/v2\/categories?post=2628"},{"taxonomy":"post_tag","embeddable":true,"href":"https:\/\/judounion-klosterneuburg.at\/judo\/wp-json\/wp\/v2\/tags?post=2628"}],"curies":[{"name":"wp","href":"https:\/\/api.w.org\/{rel}","templated":true}]}}