{"id":275,"date":"2016-03-24T10:49:39","date_gmt":"2016-03-24T09:49:39","guid":{"rendered":"https:\/\/judoclub-klosterneuburg.at\/judo\/?p=275"},"modified":"2016-04-14T20:36:21","modified_gmt":"2016-04-14T18:36:21","slug":"osterlager-2016","status":"publish","type":"post","link":"https:\/\/judounion-klosterneuburg.at\/judo\/osterlager-2016\/","title":{"rendered":"Osterlager 2016"},"content":{"rendered":"<p>die Kleinen &#8211; trainieren hier gerade &#8222;b\u00f6se schauen&#8220;<\/p>\n<p>&nbsp;<\/p>\n<p>&nbsp;<\/p>\n<p>&nbsp;<\/p>\n<p>&nbsp;<\/p>\n<p><img loading=\"lazy\" decoding=\"async\" class=\"size-medium wp-image-277 aligncenter\" src=\"https:\/\/judoclub-klosterneuburg.at\/judo\/wp-content\/uploads\/2016\/04\/k-P3215920-300x225.jpg\" alt=\"k-P3215920\" width=\"300\" height=\"225\" srcset=\"https:\/\/judounion-klosterneuburg.at\/judo\/wp-content\/uploads\/2016\/04\/k-P3215920-300x225.jpg 300w, https:\/\/judounion-klosterneuburg.at\/judo\/wp-content\/uploads\/2016\/04\/k-P3215920-268x201.jpg 268w, https:\/\/judounion-klosterneuburg.at\/judo\/wp-content\/uploads\/2016\/04\/k-P3215920.jpg 640w\" sizes=\"auto, (max-width: 300px) 100vw, 300px\" \/> die Gro\u00dfen sind auf dem Foto gemeinsam mit den anderen N\u00d6 Nachwuchskadermitlgiedern&#8230;.<\/p>\n<p>&nbsp;<\/p>\n<p>&nbsp;<\/p>\n<p>W\u00e4hrend die gro\u00dfen Klosterneuburger Judokids bei einem Tainingslager des N\u00d6 Judoverbandes in Theresienfeld war, machte die n\u00e4chste Generation sich in Klosterneuburg fit f\u00fcr die kommenden Aufgaben!<br \/>\nBilder sagen mehr als 1000 Worte &gt; darum besucht unsere Fotoalben! <a href=\"https:\/\/picasaweb.google.com\/102476928578862281501\/OsterlagerMinis2016?authkey=Gv1sRgCIjyrcz7--3iiwE\" target=\"_blank\">HIER<\/a> und <a href=\"https:\/\/picasaweb.google.com\/101191262318177438898\/OstertrainingslagerTheresienfeld32016?authkey=Gv1sRgCNH4yYWRzJLqRA&amp;feat=email\" target=\"_blank\">HIER<\/a><\/p>\n<p>&nbsp;<\/p>\n","protected":false},"excerpt":{"rendered":"<p>die Kleinen &#8211; trainieren hier gerade &#8222;b\u00f6se schauen&#8220; &nbsp; &nbsp; &nbsp; &nbsp; die Gro\u00dfen sind auf dem Foto gemeinsam mit den anderen N\u00d6 Nachwuchskadermitlgiedern&#8230;. &nbsp; &nbsp; W\u00e4hrend die gro\u00dfen Klosterneuburger &#8230;<\/p>\n","protected":false},"author":1,"featured_media":276,"comment_status":"closed","ping_status":"closed","sticky":false,"template":"","format":"standard","meta":{"footnotes":""},"categories":[1],"tags":[],"class_list":["post-275","post","type-post","status-publish","format-standard","has-post-thumbnail","hentry","category-allgemein"],"_links":{"self":[{"href":"https:\/\/judounion-klosterneuburg.at\/judo\/wp-json\/wp\/v2\/posts\/275","targetHints":{"allow":["GET"]}}],"collection":[{"href":"https:\/\/judounion-klosterneuburg.at\/judo\/wp-json\/wp\/v2\/posts"}],"about":[{"href":"https:\/\/judounion-klosterneuburg.at\/judo\/wp-json\/wp\/v2\/types\/post"}],"author":[{"embeddable":true,"href":"https:\/\/judounion-klosterneuburg.at\/judo\/wp-json\/wp\/v2\/users\/1"}],"replies":[{"embeddable":true,"href":"https:\/\/judounion-klosterneuburg.at\/judo\/wp-json\/wp\/v2\/comments?post=275"}],"version-history":[{"count":15,"href":"https:\/\/judounion-klosterneuburg.at\/judo\/wp-json\/wp\/v2\/posts\/275\/revisions"}],"predecessor-version":[{"id":292,"href":"https:\/\/judounion-klosterneuburg.at\/judo\/wp-json\/wp\/v2\/posts\/275\/revisions\/292"}],"wp:featuredmedia":[{"embeddable":true,"href":"https:\/\/judounion-klosterneuburg.at\/judo\/wp-json\/wp\/v2\/media\/276"}],"wp:attachment":[{"href":"https:\/\/judounion-klosterneuburg.at\/judo\/wp-json\/wp\/v2\/media?parent=275"}],"wp:term":[{"taxonomy":"category","embeddable":true,"href":"https:\/\/judounion-klosterneuburg.at\/judo\/wp-json\/wp\/v2\/categories?post=275"},{"taxonomy":"post_tag","embeddable":true,"href":"https:\/\/judounion-klosterneuburg.at\/judo\/wp-json\/wp\/v2\/tags?post=275"}],"curies":[{"name":"wp","href":"https:\/\/api.w.org\/{rel}","templated":true}]}}