{"id":2801,"date":"2019-05-02T17:08:42","date_gmt":"2019-05-02T15:08:42","guid":{"rendered":"https:\/\/judoclub-klosterneuburg.at\/judo\/?p=2801"},"modified":"2019-05-02T17:08:42","modified_gmt":"2019-05-02T15:08:42","slug":"1-mai-talentetag-in-der-suedstadt","status":"publish","type":"post","link":"https:\/\/judounion-klosterneuburg.at\/judo\/1-mai-talentetag-in-der-suedstadt\/","title":{"rendered":"1.Mai = Talentetag in der S\u00fcdstadt"},"content":{"rendered":"<p>1.Mai = Talentetag in \u00d6LSZ S\u00fcdstadt!<br \/>\nAm Tag der Arbeit war verschiedenste Spielchen und Trainingseinheiten im \u00d6sterreichischen Leistungssportzentrum S\u00fcdstadt angesagt.<br \/>\nNur zwei Hinweise wie es gelaufen ist:<br \/>\nNr.1 (Bilder sagen mehr als Worte): Bitte den Link zum Fotoalbum anklicken:<br \/>\n<a href=\"https:\/\/photos.app.goo.gl\/T6gnNzfFab46i94a9\" target=\"_blank\" rel=\"noopener nofollow noreferrer\" data-ft=\"{&quot;tn&quot;:&quot;-U&quot;}\" data-lynx-mode=\"async\" data-lynx-uri=\"https:\/\/l.facebook.com\/l.php?u=https%3A%2F%2Fphotos.app.goo.gl%2FT6gnNzfFab46i94a9\">https:\/\/photos.app.goo.gl\/T6gnNzfFab46i94a9<\/a><span class=\"text_exposed_show\"><br \/>\nNr.2: &#8230;als ich nach dem Trainingstag in der Gardarobe gefragt habe, wie es gefallen hat, hat ein Kind gesagt:<br \/>\n<\/span><span class=\"text_exposed_show\"> &#8222;WER NICHT DABEI WAR IST SELBER SCHULD!&#8220;<br \/>\nKindermund tut Wahrheit kund und ist der sch\u00f6nste Lohn f\u00fcr die Trainer!<span class=\"_5mfr\"><span class=\"_6qdm\">\ud83d\ude04<\/span><\/span><span class=\"_5mfr\"><span class=\"_6qdm\">\ud83d\ude0d<\/span><\/span><span class=\"_5mfr\"><span class=\"_6qdm\">\ud83d\ude0e<\/span><\/span><span class=\"_5mfr\"><span class=\"_6qdm\">\ud83d\udcaa<\/span><\/span><br \/>\nDanke Dubiser Alex, Fortner Jessica, Gadermaier Katja f\u00fcr das tolle durchdachte Training und Kunyik Roman f\u00fcr die sch\u00f6nen aussagekr\u00e4ftigen Fotos!<\/span><\/p>\n<p><img loading=\"lazy\" decoding=\"async\" class=\"alignnone  wp-image-2803\" src=\"https:\/\/judoclub-klosterneuburg.at\/judo\/wp-content\/uploads\/2019\/05\/20190501-2S0A8061-800x572-300x215.jpg\" alt=\"\" width=\"617\" height=\"442\" srcset=\"https:\/\/judounion-klosterneuburg.at\/judo\/wp-content\/uploads\/2019\/05\/20190501-2S0A8061-800x572-300x215.jpg 300w, https:\/\/judounion-klosterneuburg.at\/judo\/wp-content\/uploads\/2019\/05\/20190501-2S0A8061-800x572-768x549.jpg 768w, https:\/\/judounion-klosterneuburg.at\/judo\/wp-content\/uploads\/2019\/05\/20190501-2S0A8061-800x572.jpg 800w\" sizes=\"auto, (max-width: 617px) 100vw, 617px\" \/><\/p>\n","protected":false},"excerpt":{"rendered":"<p>1.Mai = Talentetag in \u00d6LSZ S\u00fcdstadt! Am Tag der Arbeit war verschiedenste Spielchen und Trainingseinheiten im \u00d6sterreichischen Leistungssportzentrum S\u00fcdstadt angesagt. Nur zwei Hinweise wie es gelaufen ist: Nr.1 (Bilder sagen &#8230;<\/p>\n","protected":false},"author":4,"featured_media":2802,"comment_status":"closed","ping_status":"closed","sticky":false,"template":"","format":"standard","meta":{"footnotes":""},"categories":[1],"tags":[],"class_list":["post-2801","post","type-post","status-publish","format-standard","has-post-thumbnail","hentry","category-allgemein"],"_links":{"self":[{"href":"https:\/\/judounion-klosterneuburg.at\/judo\/wp-json\/wp\/v2\/posts\/2801","targetHints":{"allow":["GET"]}}],"collection":[{"href":"https:\/\/judounion-klosterneuburg.at\/judo\/wp-json\/wp\/v2\/posts"}],"about":[{"href":"https:\/\/judounion-klosterneuburg.at\/judo\/wp-json\/wp\/v2\/types\/post"}],"author":[{"embeddable":true,"href":"https:\/\/judounion-klosterneuburg.at\/judo\/wp-json\/wp\/v2\/users\/4"}],"replies":[{"embeddable":true,"href":"https:\/\/judounion-klosterneuburg.at\/judo\/wp-json\/wp\/v2\/comments?post=2801"}],"version-history":[{"count":1,"href":"https:\/\/judounion-klosterneuburg.at\/judo\/wp-json\/wp\/v2\/posts\/2801\/revisions"}],"predecessor-version":[{"id":2804,"href":"https:\/\/judounion-klosterneuburg.at\/judo\/wp-json\/wp\/v2\/posts\/2801\/revisions\/2804"}],"wp:featuredmedia":[{"embeddable":true,"href":"https:\/\/judounion-klosterneuburg.at\/judo\/wp-json\/wp\/v2\/media\/2802"}],"wp:attachment":[{"href":"https:\/\/judounion-klosterneuburg.at\/judo\/wp-json\/wp\/v2\/media?parent=2801"}],"wp:term":[{"taxonomy":"category","embeddable":true,"href":"https:\/\/judounion-klosterneuburg.at\/judo\/wp-json\/wp\/v2\/categories?post=2801"},{"taxonomy":"post_tag","embeddable":true,"href":"https:\/\/judounion-klosterneuburg.at\/judo\/wp-json\/wp\/v2\/tags?post=2801"}],"curies":[{"name":"wp","href":"https:\/\/api.w.org\/{rel}","templated":true}]}}