{"id":2861,"date":"2019-06-02T22:43:48","date_gmt":"2019-06-02T20:43:48","guid":{"rendered":"https:\/\/judoclub-klosterneuburg.at\/judo\/?p=2861"},"modified":"2019-06-02T22:43:48","modified_gmt":"2019-06-02T20:43:48","slug":"2-rd-int-noe-berger-nachwuchscup-3","status":"publish","type":"post","link":"https:\/\/judounion-klosterneuburg.at\/judo\/2-rd-int-noe-berger-nachwuchscup-3\/","title":{"rendered":"2.Rd. Int. N\u00d6 Berger Nachwuchscup"},"content":{"rendered":"<p>Sonntag 26.5. nach unserem Judofest ging es nach Wieselburg um unsere F\u00fchrung als bester N\u00d6 Nachwuchsverein weiter auszubauen bei der 2.Rd. des Int. N\u00d6 Berger Nachwuchscup!<br \/>\nMit 10x Gold \/ 7x Silber und 6x Bronze konnten wir den Mannschaftsmedaillenspiegel am 1.Platz fixieren!<br \/>\nWie stark diese Turnierreihe aus N\u00d6 Sicht ist zeigt, dass auf den ersten 10 Mannschaftsplatzierungen der JC Klosterneuburg der einzige N\u00d6 Verein ist. Vereine aus Unga<span class=\"text_exposed_show\">rn, der Slowakei und aus Wien dominierten dieses Turnier in Wieselburg<br \/>\n&#8230;&#8230;.uuuuuuund der JC Klosterneuburg!<\/span><\/p>\n<p>[ezcol_1third]<\/p>\n<p><strong>Gold<\/strong><br \/>\n<span class=\"text_exposed_show\">1. ASCHENBACH Maximilian<br \/>\n1. KAINRATH Alexa<br \/>\n1. KAINRATH Mario<br \/>\n1. NEUMAYR Florian<br \/>\n1. RABITSCH Philip<br \/>\n1. SCHRATTENHOLZER Helene<br \/>\n1. TOT Lena<br \/>\n1. VON LUTZ Sophia<br \/>\n1. VON SCHRADER Ruben<br \/>\n1. WEISS Clemens<\/span><br \/>\n[\/ezcol_1third] [ezcol_1third]<\/p>\n<p><strong>Silber<\/strong><br \/>\n<span class=\"text_exposed_show\">2. BIALOWAS Liam<br \/>\n2. MEHL Marlies<br \/>\n2. MEIER Manuel<br \/>\n2. PANNAGL Marlene<br \/>\n2. RABITSCH Oliver<br \/>\n2. WEISS Paula<br \/>\n2. WIKLICKY Luca <\/span><br \/>\n[\/ezcol_1third] [ezcol_1third_end]<\/p>\n<p><strong>Bronze<\/strong><br \/>\n<span class=\"text_exposed_show\">3. BAYER Lukas<br \/>\n3. GARCIA LAVIOSA Alexandra<br \/>\n3. G\u00dcM\u00dcSKAYA Niklas<br \/>\n3. KOGLER Emil<br \/>\n3. MEHL Tobias<br \/>\n3. SEITZ Marlene <\/span><br \/>\n[\/ezcol_1third_end]<\/p>\n<p><a href=\"https:\/\/photos.app.goo.gl\/LiXgBmKQGEwtBwFcA\">Fotos der Gro\u00dfen hier<\/a><\/p>\n","protected":false},"excerpt":{"rendered":"<p>Sonntag 26.5. nach unserem Judofest ging es nach Wieselburg um unsere F\u00fchrung als bester N\u00d6 Nachwuchsverein weiter auszubauen bei der 2.Rd. des Int. N\u00d6 Berger Nachwuchscup! Mit 10x Gold \/ &#8230;<\/p>\n","protected":false},"author":4,"featured_media":2862,"comment_status":"closed","ping_status":"closed","sticky":false,"template":"","format":"standard","meta":{"footnotes":""},"categories":[1],"tags":[],"class_list":["post-2861","post","type-post","status-publish","format-standard","has-post-thumbnail","hentry","category-allgemein"],"_links":{"self":[{"href":"https:\/\/judounion-klosterneuburg.at\/judo\/wp-json\/wp\/v2\/posts\/2861","targetHints":{"allow":["GET"]}}],"collection":[{"href":"https:\/\/judounion-klosterneuburg.at\/judo\/wp-json\/wp\/v2\/posts"}],"about":[{"href":"https:\/\/judounion-klosterneuburg.at\/judo\/wp-json\/wp\/v2\/types\/post"}],"author":[{"embeddable":true,"href":"https:\/\/judounion-klosterneuburg.at\/judo\/wp-json\/wp\/v2\/users\/4"}],"replies":[{"embeddable":true,"href":"https:\/\/judounion-klosterneuburg.at\/judo\/wp-json\/wp\/v2\/comments?post=2861"}],"version-history":[{"count":1,"href":"https:\/\/judounion-klosterneuburg.at\/judo\/wp-json\/wp\/v2\/posts\/2861\/revisions"}],"predecessor-version":[{"id":2863,"href":"https:\/\/judounion-klosterneuburg.at\/judo\/wp-json\/wp\/v2\/posts\/2861\/revisions\/2863"}],"wp:featuredmedia":[{"embeddable":true,"href":"https:\/\/judounion-klosterneuburg.at\/judo\/wp-json\/wp\/v2\/media\/2862"}],"wp:attachment":[{"href":"https:\/\/judounion-klosterneuburg.at\/judo\/wp-json\/wp\/v2\/media?parent=2861"}],"wp:term":[{"taxonomy":"category","embeddable":true,"href":"https:\/\/judounion-klosterneuburg.at\/judo\/wp-json\/wp\/v2\/categories?post=2861"},{"taxonomy":"post_tag","embeddable":true,"href":"https:\/\/judounion-klosterneuburg.at\/judo\/wp-json\/wp\/v2\/tags?post=2861"}],"curies":[{"name":"wp","href":"https:\/\/api.w.org\/{rel}","templated":true}]}}