{"id":2864,"date":"2019-06-03T13:37:48","date_gmt":"2019-06-03T11:37:48","guid":{"rendered":"https:\/\/judoclub-klosterneuburg.at\/judo\/?p=2864"},"modified":"2019-06-03T13:37:48","modified_gmt":"2019-06-03T11:37:48","slug":"europacup-u21-leibnitz","status":"publish","type":"post","link":"https:\/\/judounion-klosterneuburg.at\/judo\/europacup-u21-leibnitz\/","title":{"rendered":"Europacup U21 Leibnitz"},"content":{"rendered":"<p>Anika SCHICHO (17 Jahre) erk\u00e4mpft den siebten Platz beim U21 Europacup in Leibnitz!<br \/>\nAnika erk\u00e4mpft mit dieser Platzierung das beste Ergebnis aus \u00d6sterreichischer Sicht bei diesem Turnier! &gt;&gt; Gratulation Anika!<br \/>\nAuch Jessica FORTNER (15 Jahre) durfte aus Klosterneuburger Sicht \u00d6sterreichs Farben bei diesem U21 Europacup vertreten. Jessica gelang mit 2 Siegen ein sensationeller Erfolg bei ihrem ersten U21 Europacup! Gratulation Jessi!<\/p>\n<p><img loading=\"lazy\" decoding=\"async\" class=\"alignnone  wp-image-2865\" src=\"https:\/\/judoclub-klosterneuburg.at\/judo\/wp-content\/uploads\/2019\/06\/EJU-Junior-European-Judo-Cup-Leibnitz-2019-06-01-Marx-365333-660x400-300x182.jpg\" alt=\"\" width=\"446\" height=\"271\" srcset=\"https:\/\/judounion-klosterneuburg.at\/judo\/wp-content\/uploads\/2019\/06\/EJU-Junior-European-Judo-Cup-Leibnitz-2019-06-01-Marx-365333-660x400-300x182.jpg 300w, https:\/\/judounion-klosterneuburg.at\/judo\/wp-content\/uploads\/2019\/06\/EJU-Junior-European-Judo-Cup-Leibnitz-2019-06-01-Marx-365333-660x400.jpg 660w\" sizes=\"auto, (max-width: 446px) 100vw, 446px\" \/><\/p>\n","protected":false},"excerpt":{"rendered":"<p>Anika SCHICHO (17 Jahre) erk\u00e4mpft den siebten Platz beim U21 Europacup in Leibnitz! Anika erk\u00e4mpft mit dieser Platzierung das beste Ergebnis aus \u00d6sterreichischer Sicht bei diesem Turnier! &gt;&gt; Gratulation Anika! &#8230;<\/p>\n","protected":false},"author":4,"featured_media":2865,"comment_status":"closed","ping_status":"closed","sticky":false,"template":"","format":"standard","meta":{"footnotes":""},"categories":[1],"tags":[],"class_list":["post-2864","post","type-post","status-publish","format-standard","has-post-thumbnail","hentry","category-allgemein"],"_links":{"self":[{"href":"https:\/\/judounion-klosterneuburg.at\/judo\/wp-json\/wp\/v2\/posts\/2864","targetHints":{"allow":["GET"]}}],"collection":[{"href":"https:\/\/judounion-klosterneuburg.at\/judo\/wp-json\/wp\/v2\/posts"}],"about":[{"href":"https:\/\/judounion-klosterneuburg.at\/judo\/wp-json\/wp\/v2\/types\/post"}],"author":[{"embeddable":true,"href":"https:\/\/judounion-klosterneuburg.at\/judo\/wp-json\/wp\/v2\/users\/4"}],"replies":[{"embeddable":true,"href":"https:\/\/judounion-klosterneuburg.at\/judo\/wp-json\/wp\/v2\/comments?post=2864"}],"version-history":[{"count":1,"href":"https:\/\/judounion-klosterneuburg.at\/judo\/wp-json\/wp\/v2\/posts\/2864\/revisions"}],"predecessor-version":[{"id":2866,"href":"https:\/\/judounion-klosterneuburg.at\/judo\/wp-json\/wp\/v2\/posts\/2864\/revisions\/2866"}],"wp:featuredmedia":[{"embeddable":true,"href":"https:\/\/judounion-klosterneuburg.at\/judo\/wp-json\/wp\/v2\/media\/2865"}],"wp:attachment":[{"href":"https:\/\/judounion-klosterneuburg.at\/judo\/wp-json\/wp\/v2\/media?parent=2864"}],"wp:term":[{"taxonomy":"category","embeddable":true,"href":"https:\/\/judounion-klosterneuburg.at\/judo\/wp-json\/wp\/v2\/categories?post=2864"},{"taxonomy":"post_tag","embeddable":true,"href":"https:\/\/judounion-klosterneuburg.at\/judo\/wp-json\/wp\/v2\/tags?post=2864"}],"curies":[{"name":"wp","href":"https:\/\/api.w.org\/{rel}","templated":true}]}}