{"id":2880,"date":"2019-06-15T21:28:56","date_gmt":"2019-06-15T19:28:56","guid":{"rendered":"https:\/\/judoclub-klosterneuburg.at\/judo\/?p=2880"},"modified":"2019-06-15T21:28:56","modified_gmt":"2019-06-15T19:28:56","slug":"judofestival-u18-ijf-trainingscamp-in-porec","status":"publish","type":"post","link":"https:\/\/judounion-klosterneuburg.at\/judo\/judofestival-u18-ijf-trainingscamp-in-porec\/","title":{"rendered":"JudoFestival + U18 IJF Trainingscamp in Porec"},"content":{"rendered":"<p>Von 09.05. bis 15.05. waren elf unserer U18 Kaderk\u00e4mpfer in Pore\u010d<span class=\"_5mfr\"><span class=\"_6qdm\">\ud83c\udded\ud83c\uddf7<\/span><\/span> \/Cro beim 6.Judofestival und dem in dem Rahmen stattfindende U18 IJF Trainingscamp! Dieses U18 Traningscamp wird von sehr vielen Nationen als letzte Vorbereitung f\u00fcr die Ende des Monats stattfindende U18 Europameisterschaft genutzt, und ist daher sicher eines der st\u00e4rksten TL in Europa f\u00fcr diese Altersklasse.<br \/>\nUnsere Kids konnten sehr gut mitmischen und wertvolle Erfahrungen sammeln. Die Umgebung gibt jede Menge M\u00f6glichkeit f\u00fcr Ausgleichssport, Spiel\/Spa\u00df und Unterhaltung.<\/p>\n<p><a href=\"https:\/\/photos.app.goo.gl\/xr38pUQikMyw1EMg9\"> Siehe Fotoalbum HIER<\/a><\/p>\n","protected":false},"excerpt":{"rendered":"<p>Von 09.05. bis 15.05. waren elf unserer U18 Kaderk\u00e4mpfer in Pore\u010d\ud83c\udded\ud83c\uddf7 \/Cro beim 6.Judofestival und dem in dem Rahmen stattfindende U18 IJF Trainingscamp! Dieses U18 Traningscamp wird von sehr vielen &#8230;<\/p>\n","protected":false},"author":4,"featured_media":2881,"comment_status":"closed","ping_status":"closed","sticky":false,"template":"","format":"standard","meta":{"footnotes":""},"categories":[1],"tags":[],"class_list":["post-2880","post","type-post","status-publish","format-standard","has-post-thumbnail","hentry","category-allgemein"],"_links":{"self":[{"href":"https:\/\/judounion-klosterneuburg.at\/judo\/wp-json\/wp\/v2\/posts\/2880","targetHints":{"allow":["GET"]}}],"collection":[{"href":"https:\/\/judounion-klosterneuburg.at\/judo\/wp-json\/wp\/v2\/posts"}],"about":[{"href":"https:\/\/judounion-klosterneuburg.at\/judo\/wp-json\/wp\/v2\/types\/post"}],"author":[{"embeddable":true,"href":"https:\/\/judounion-klosterneuburg.at\/judo\/wp-json\/wp\/v2\/users\/4"}],"replies":[{"embeddable":true,"href":"https:\/\/judounion-klosterneuburg.at\/judo\/wp-json\/wp\/v2\/comments?post=2880"}],"version-history":[{"count":1,"href":"https:\/\/judounion-klosterneuburg.at\/judo\/wp-json\/wp\/v2\/posts\/2880\/revisions"}],"predecessor-version":[{"id":2882,"href":"https:\/\/judounion-klosterneuburg.at\/judo\/wp-json\/wp\/v2\/posts\/2880\/revisions\/2882"}],"wp:featuredmedia":[{"embeddable":true,"href":"https:\/\/judounion-klosterneuburg.at\/judo\/wp-json\/wp\/v2\/media\/2881"}],"wp:attachment":[{"href":"https:\/\/judounion-klosterneuburg.at\/judo\/wp-json\/wp\/v2\/media?parent=2880"}],"wp:term":[{"taxonomy":"category","embeddable":true,"href":"https:\/\/judounion-klosterneuburg.at\/judo\/wp-json\/wp\/v2\/categories?post=2880"},{"taxonomy":"post_tag","embeddable":true,"href":"https:\/\/judounion-klosterneuburg.at\/judo\/wp-json\/wp\/v2\/tags?post=2880"}],"curies":[{"name":"wp","href":"https:\/\/api.w.org\/{rel}","templated":true}]}}