{"id":2883,"date":"2019-06-15T22:18:39","date_gmt":"2019-06-15T20:18:39","guid":{"rendered":"https:\/\/judoclub-klosterneuburg.at\/judo\/?p=2883"},"modified":"2019-06-15T22:20:45","modified_gmt":"2019-06-15T20:20:45","slug":"uwv-unmittelbare-wettkampfvorbereitung-in-linz","status":"publish","type":"post","link":"https:\/\/judounion-klosterneuburg.at\/judo\/uwv-unmittelbare-wettkampfvorbereitung-in-linz\/","title":{"rendered":"UWV (unmittelbare Wettkampfvorbereitung) in Linz"},"content":{"rendered":"<p>Die drei Jugendlichen des JC Klosterneuburg, die sich f\u00fcr die U18 Europameisterschaft Ende Juni in Warschau und\/oder f\u00fcr die EYOF (Europ\u00e4ische Jugend Olympiade) Ende Juli in Baku qualifiziert haben, befinden sich dieses Wochenende gemeinsam mit dem Rest des U18 Nationalteam in Linz, um sich einerseits die lang ersehnte Teameinkleidung holen zu d\u00fcrfen, und andererseits den letzten Feinschliff mit Nationaltrainer Hofer Ernst in <span class=\"text_exposed_show\">den Trainingseinheiten durch zu gehen.<br \/>\nIm Rahmen dieser UWV nahm unser U18 Team in Linz beim 6,5 km langen Planetenlauf teil. AUST Phillip gewann im Vorbeilaufen den 2 Platz in der Jugendwertung.<br \/>\n<img loading=\"lazy\" decoding=\"async\" class=\"alignnone wp-image-2884\" src=\"https:\/\/judoclub-klosterneuburg.at\/judo\/wp-content\/uploads\/2019\/06\/uwv1-1-300x225.jpg\" alt=\"\" width=\"511\" height=\"383\" srcset=\"https:\/\/judounion-klosterneuburg.at\/judo\/wp-content\/uploads\/2019\/06\/uwv1-1-300x225.jpg 300w, https:\/\/judounion-klosterneuburg.at\/judo\/wp-content\/uploads\/2019\/06\/uwv1-1-768x576.jpg 768w, https:\/\/judounion-klosterneuburg.at\/judo\/wp-content\/uploads\/2019\/06\/uwv1-1.jpg 1024w, https:\/\/judounion-klosterneuburg.at\/judo\/wp-content\/uploads\/2019\/06\/uwv1-1-268x201.jpg 268w\" sizes=\"auto, (max-width: 511px) 100vw, 511px\" \/><\/span><\/p>\n<p><span class=\"text_exposed_show\">Am Foto unten sind unsere Drei Teamplayer mit ihren S\u00fcdstadtkollegen<br \/>\nHinten: SCHICHO Anika (JC Klosterneuburg)<br \/>\nMitte: SAFER Adam (Wat Stadtlau) PAPOYAN Aslan (Galaxy Tigers) AUST Phillip (JC Klosterneuburg)<br \/>\nVorne: FORTNER Jessica (JC Klosterneuburg)<\/span><\/p>\n<p><img loading=\"lazy\" decoding=\"async\" class=\"alignnone wp-image-2885\" src=\"https:\/\/judoclub-klosterneuburg.at\/judo\/wp-content\/uploads\/2019\/06\/uwv1-2-300x225.jpg\" alt=\"\" width=\"519\" height=\"389\" srcset=\"https:\/\/judounion-klosterneuburg.at\/judo\/wp-content\/uploads\/2019\/06\/uwv1-2-300x225.jpg 300w, https:\/\/judounion-klosterneuburg.at\/judo\/wp-content\/uploads\/2019\/06\/uwv1-2-768x576.jpg 768w, https:\/\/judounion-klosterneuburg.at\/judo\/wp-content\/uploads\/2019\/06\/uwv1-2-1024x768.jpg 1024w, https:\/\/judounion-klosterneuburg.at\/judo\/wp-content\/uploads\/2019\/06\/uwv1-2-268x201.jpg 268w, https:\/\/judounion-klosterneuburg.at\/judo\/wp-content\/uploads\/2019\/06\/uwv1-2.jpg 1599w\" sizes=\"auto, (max-width: 519px) 100vw, 519px\" \/><\/p>\n<div class=\"text_exposed_show\">\n<p>Anm.: SCHICHO Anika hat sich f\u00fcr die EM und die EYOF &gt;<br \/>\nAUST Phillip f\u00fcr die EM und &gt;<br \/>\nFORTNER Jessica f\u00fcr die EYOF qualifiziert!<\/p>\n<p>Vier Starter f\u00fcr ein Gro\u00dfereignis aus Klosterneuburg die sich voll stolz freuen den Adler auf der Brust tragen zu d\u00fcrfen&#8230;.<br \/>\nWir sind stolz auf euch!<\/p>\n<p>&nbsp;<\/p>\n<\/div>\n","protected":false},"excerpt":{"rendered":"<p>Die drei Jugendlichen des JC Klosterneuburg, die sich f\u00fcr die U18 Europameisterschaft Ende Juni in Warschau und\/oder f\u00fcr die EYOF (Europ\u00e4ische Jugend Olympiade) Ende Juli in Baku qualifiziert haben, befinden &#8230;<\/p>\n","protected":false},"author":4,"featured_media":2887,"comment_status":"closed","ping_status":"closed","sticky":false,"template":"","format":"standard","meta":{"footnotes":""},"categories":[1],"tags":[],"class_list":["post-2883","post","type-post","status-publish","format-standard","has-post-thumbnail","hentry","category-allgemein"],"_links":{"self":[{"href":"https:\/\/judounion-klosterneuburg.at\/judo\/wp-json\/wp\/v2\/posts\/2883","targetHints":{"allow":["GET"]}}],"collection":[{"href":"https:\/\/judounion-klosterneuburg.at\/judo\/wp-json\/wp\/v2\/posts"}],"about":[{"href":"https:\/\/judounion-klosterneuburg.at\/judo\/wp-json\/wp\/v2\/types\/post"}],"author":[{"embeddable":true,"href":"https:\/\/judounion-klosterneuburg.at\/judo\/wp-json\/wp\/v2\/users\/4"}],"replies":[{"embeddable":true,"href":"https:\/\/judounion-klosterneuburg.at\/judo\/wp-json\/wp\/v2\/comments?post=2883"}],"version-history":[{"count":1,"href":"https:\/\/judounion-klosterneuburg.at\/judo\/wp-json\/wp\/v2\/posts\/2883\/revisions"}],"predecessor-version":[{"id":2886,"href":"https:\/\/judounion-klosterneuburg.at\/judo\/wp-json\/wp\/v2\/posts\/2883\/revisions\/2886"}],"wp:featuredmedia":[{"embeddable":true,"href":"https:\/\/judounion-klosterneuburg.at\/judo\/wp-json\/wp\/v2\/media\/2887"}],"wp:attachment":[{"href":"https:\/\/judounion-klosterneuburg.at\/judo\/wp-json\/wp\/v2\/media?parent=2883"}],"wp:term":[{"taxonomy":"category","embeddable":true,"href":"https:\/\/judounion-klosterneuburg.at\/judo\/wp-json\/wp\/v2\/categories?post=2883"},{"taxonomy":"post_tag","embeddable":true,"href":"https:\/\/judounion-klosterneuburg.at\/judo\/wp-json\/wp\/v2\/tags?post=2883"}],"curies":[{"name":"wp","href":"https:\/\/api.w.org\/{rel}","templated":true}]}}