{"id":2931,"date":"2019-07-22T13:45:28","date_gmt":"2019-07-22T11:45:28","guid":{"rendered":"https:\/\/judoclub-klosterneuburg.at\/judo\/?p=2931"},"modified":"2019-08-14T09:45:42","modified_gmt":"2019-08-14T07:45:42","slug":"anika-und-jessica-bei-der-eyof","status":"publish","type":"post","link":"https:\/\/judounion-klosterneuburg.at\/judo\/anika-und-jessica-bei-der-eyof\/","title":{"rendered":"Anika und Jessica bei der EYOF"},"content":{"rendered":"<p>Anika Schicho und Jessica Fortner haben sich mit ihren Leistungen f\u00fcr die EYOF (Europ\u00e4ische Jugend Olympiade) in Baku qualifiziert und sind von 20.-28.7. im Land des Feuers um f\u00fcr \u00d6sterreich die Farben im Judo zu vertreten!<br \/>\nAm Sonntag den 21.7. hatte Anika zus\u00e4tzlich die gro\u00dfe Ehre beim Einzug des Team Austria, die \u00d6sterreichische Fahne tragen zu d\u00fcrfen.<br \/>\nHier die offizielle Pressemitteilung des \u00d6OC:<\/p>\n<p>EYOF 2019 mit spektakul\u00e4rer Show er\u00f6ffnet, mit Anika als Fahnentr\u00e4gerin!<\/p>\n<p>Hier die offizielle Pressemitteilung des \u00d6OC:<\/p>\n<p>Am Sonntagabend wurde die 15. Sommer-Edition der Europ\u00e4ischen Olympischen Jugendspiele in Baku (21. bis 27. Juli 2019) feierlich er\u00f6ffnet.<\/p>\n<div class=\"text_exposed_show\">\n<p>In der ausverkauften Crystal Hall \u2013 2012 wurde hier der Song Contest veranstaltet, 2016 die Schach-Olympiade ausgetragen\u2013 wurde den 3.600 Athletinnen und Athleten aus 50 Nationen und rund 10.000 Zuschauern eine bunte Show mit spektakul\u00e4ren Acts geboten. Erstmalig wurde eine EYOF-Er\u00f6ffnungsfeier vom Europ\u00e4ischen Olympischen Committee live in ganz Europa \u00fcbertragen.<\/p>\n<p>Gezeigt wurde eine Zeitreise durch die Geschichte von Aserbaidschan, eine interaktive Vorstellung der 12 spektakul\u00e4ren Sportst\u00e4tten und nat\u00fcrlich durften in der knapp zweist\u00fcndigen Er\u00f6ffnung auch die Olympische Flagge und das Entz\u00fcnden des Feuers nicht fehlen. Die Flamme brachte Ringer Farid Mansurov ein Olympiasieger (Athen 2004) auf die B\u00fchne.<\/p>\n<p>Gleich zu Beginn fand die gro\u00dfe Parade der 50 teilnehmenden Nationen statt: unter dem frenetischen Jubel der Zuschauer marschierte das Youth Olympic Team Austria um 20:05 Uhr als vierte Nation ein, angef\u00fchrt von Fahnentr\u00e4gerin Anika Schicho. Die Au\u00dfenh\u00fclle der Crystal Hall erstrahlte parallel dazu in Rot-wei\u00df-rot.<\/p>\n<p>\u201eEs war ein unglaubliches Gef\u00fchl, die Mannschaft beim Einmarsch anzuf\u00fchren und \u00d6sterreich vor so vielen Menschen zu repr\u00e4sentieren. Das ist eine Extra-Motivation f\u00fcr meinen Wettkampf\u201c, strahlte die amtierende Vize-Europameisterin im Judo.<\/p>\n<p>Bildmaterial dankenswerter Weise von: \u00a9 \u00d6OC\/GEPA Pictures zu Verf\u00fcgung gestellt<\/p>\n<p>Mehr Infos:<br \/>\n<a href=\"https:\/\/www.olympia.at\/main.asp?kat1=81&amp;kat2=690&amp;kat3=683\" target=\"_blank\" rel=\"noopener nofollow noreferrer\" data-ft=\"{&quot;tn&quot;:&quot;-U&quot;}\" data-lynx-mode=\"async\" data-lynx-uri=\"https:\/\/l.facebook.com\/l.php?u=https%3A%2F%2Fwww.olympia.at%2Fmain.asp%3Fkat1%3D81%26kat2%3D690%26kat3%3D683\">https:\/\/www.olympia.at\/main.asp?kat1=81&amp;kat2=690&amp;kat3=683<\/a><\/p>\n<p><a href=\"https:\/\/www.olympia.at\/main.asp?kat1=81&amp;kat2=690&amp;kat3=707\" target=\"_blank\" rel=\"noopener nofollow noreferrer\" data-ft=\"{&quot;tn&quot;:&quot;-U&quot;}\" data-lynx-mode=\"async\" data-lynx-uri=\"https:\/\/l.facebook.com\/l.php?u=https%3A%2F%2Fwww.olympia.at%2Fmain.asp%3Fkat1%3D81%26kat2%3D690%26kat3%3D707\">https:\/\/www.olympia.at\/main.asp?kat1=81&amp;kat2=690&amp;kat3=707<\/a><\/p>\n<p><a href=\"https:\/\/www.youtube.com\/user\/oeocvideos\" target=\"_blank\" rel=\"noopener nofollow noreferrer\" data-ft=\"{&quot;tn&quot;:&quot;-U&quot;}\" data-lynx-mode=\"async\" data-lynx-uri=\"https:\/\/l.facebook.com\/l.php?u=https%3A%2F%2Fwww.youtube.com%2Fuser%2Foeocvideos\">https:\/\/www.youtube.com\/user\/oeocvideos<\/a><\/p>\n<p>Wettkampfplan:<br \/>\n<a href=\"https:\/\/eyofbaku2019.com\/en\/page\/full-schedule-table\" target=\"_blank\" rel=\"noopener nofollow noreferrer\" data-ft=\"{&quot;tn&quot;:&quot;-U&quot;}\" data-lynx-mode=\"async\" data-lynx-uri=\"https:\/\/l.facebook.com\/l.php?u=https%3A%2F%2Feyofbaku2019.com%2Fen%2Fpage%2Ffull-schedule-table\">https:\/\/eyofbaku2019.com\/en\/page\/full-schedule-table<\/a><\/p>\n<p>Live Stream:<br \/>\n<a href=\"http:\/\/www.eurolympic.org\/eoc-channel\/\" target=\"_blank\" rel=\"noopener nofollow noreferrer\" data-ft=\"{&quot;tn&quot;:&quot;-U&quot;}\" data-lynx-mode=\"async\" data-lynx-uri=\"https:\/\/l.facebook.com\/l.php?u=http%3A%2F%2Fwww.eurolympic.org%2Feoc-channel%2F\">http:\/\/www.eurolympic.org\/eoc-channel\/<\/a><br \/>\nunsere M\u00e4dels &gt; Donnerstag &amp; Freitag von 14.00 &#8211; 16.00<\/p>\n<p><a class=\"_58cn\" href=\"https:\/\/www.facebook.com\/hashtag\/youtholympicteamaustria?source=feed_text&amp;epa=HASHTAG&amp;__xts__%5B0%5D=68.ARBIDZkYNPjCivY_MI770NHY09i0euM9CUbR2Gn7jJ3GyjK2WqgLBI-rgJoJPP8vXDOU1ynT2L0Nh39wK9ZFRmtmDe4L4Dp2tw5bVX1pyJmt8VAD3FMhURndRklmSyVNTe4oTpWBljBCQiQKTbuSps6al8agyFijeCf7aADONBelDxDCJMMbAprQGnCVcLHAsyMPyuNTmn0qNTZO9jIfsqpPubDIG29VZWn-dnc0D3iT0uFBhGDMRfpfUY9LGqks9op61JhP2xMUG6bzBTjzdbDHtPNHag_N87pNvC40hmppQNxPoz8MZgVbVVy3gulK9Ew9P29l7w97XZUrgNtjGXmP9qkeBP6rKyh6&amp;__tn__=%2ANK-R\" data-ft=\"{&quot;type&quot;:104,&quot;tn&quot;:&quot;*N&quot;}\"><span class=\"_5afx\"><span class=\"_58cl _5afz\" aria-label=\"Hashtag\">#<\/span><span class=\"_58cm\">youtholympicteamaustria<\/span><\/span><\/a><\/p>\n<p><img loading=\"lazy\" decoding=\"async\" class=\"alignnone wp-image-2932\" src=\"https:\/\/judoclub-klosterneuburg.at\/judo\/wp-content\/uploads\/2019\/07\/24832-300x169.jpg\" alt=\"\" width=\"559\" height=\"315\" srcset=\"https:\/\/judounion-klosterneuburg.at\/judo\/wp-content\/uploads\/2019\/07\/24832-300x169.jpg 300w, https:\/\/judounion-klosterneuburg.at\/judo\/wp-content\/uploads\/2019\/07\/24832-768x432.jpg 768w, https:\/\/judounion-klosterneuburg.at\/judo\/wp-content\/uploads\/2019\/07\/24832-1024x576.jpg 1024w, https:\/\/judounion-klosterneuburg.at\/judo\/wp-content\/uploads\/2019\/07\/24832.jpg 1200w\" sizes=\"auto, (max-width: 559px) 100vw, 559px\" \/><\/p>\n<\/div>\n","protected":false},"excerpt":{"rendered":"<p>Anika Schicho und Jessica Fortner haben sich mit ihren Leistungen f\u00fcr die EYOF (Europ\u00e4ische Jugend Olympiade) in Baku qualifiziert und sind von 20.-28.7. im Land des Feuers um f\u00fcr \u00d6sterreich &#8230;<\/p>\n","protected":false},"author":4,"featured_media":2933,"comment_status":"closed","ping_status":"closed","sticky":false,"template":"","format":"standard","meta":{"footnotes":""},"categories":[1],"tags":[],"class_list":["post-2931","post","type-post","status-publish","format-standard","has-post-thumbnail","hentry","category-allgemein"],"_links":{"self":[{"href":"https:\/\/judounion-klosterneuburg.at\/judo\/wp-json\/wp\/v2\/posts\/2931","targetHints":{"allow":["GET"]}}],"collection":[{"href":"https:\/\/judounion-klosterneuburg.at\/judo\/wp-json\/wp\/v2\/posts"}],"about":[{"href":"https:\/\/judounion-klosterneuburg.at\/judo\/wp-json\/wp\/v2\/types\/post"}],"author":[{"embeddable":true,"href":"https:\/\/judounion-klosterneuburg.at\/judo\/wp-json\/wp\/v2\/users\/4"}],"replies":[{"embeddable":true,"href":"https:\/\/judounion-klosterneuburg.at\/judo\/wp-json\/wp\/v2\/comments?post=2931"}],"version-history":[{"count":2,"href":"https:\/\/judounion-klosterneuburg.at\/judo\/wp-json\/wp\/v2\/posts\/2931\/revisions"}],"predecessor-version":[{"id":2948,"href":"https:\/\/judounion-klosterneuburg.at\/judo\/wp-json\/wp\/v2\/posts\/2931\/revisions\/2948"}],"wp:featuredmedia":[{"embeddable":true,"href":"https:\/\/judounion-klosterneuburg.at\/judo\/wp-json\/wp\/v2\/media\/2933"}],"wp:attachment":[{"href":"https:\/\/judounion-klosterneuburg.at\/judo\/wp-json\/wp\/v2\/media?parent=2931"}],"wp:term":[{"taxonomy":"category","embeddable":true,"href":"https:\/\/judounion-klosterneuburg.at\/judo\/wp-json\/wp\/v2\/categories?post=2931"},{"taxonomy":"post_tag","embeddable":true,"href":"https:\/\/judounion-klosterneuburg.at\/judo\/wp-json\/wp\/v2\/tags?post=2931"}],"curies":[{"name":"wp","href":"https:\/\/api.w.org\/{rel}","templated":true}]}}