{"id":2951,"date":"2019-08-24T16:50:32","date_gmt":"2019-08-24T14:50:32","guid":{"rendered":"https:\/\/judoclub-klosterneuburg.at\/judo\/?p=2951"},"modified":"2019-08-24T16:52:39","modified_gmt":"2019-08-24T14:52:39","slug":"sommer-judocamp-aigen-2019","status":"publish","type":"post","link":"https:\/\/judounion-klosterneuburg.at\/judo\/sommer-judocamp-aigen-2019\/","title":{"rendered":"Sommer Judocamp Aigen 2019"},"content":{"rendered":"<p>Das Judocamp in Aigen\/M\u00fchlkreis ist wieder mit viel Spa\u00df und Abwechslung \u00fcber die B\u00fchne gegangen&#8230;.\u00a0 Eindr\u00fccke auf:\u00a0 <a class=\"profileLink\" href=\"https:\/\/www.facebook.com\/JudocampAigen\/?__tn__=K-R&amp;eid=ARDNtCd1K0fA2TrkM10S6QjkAH4meuLMLfinGTSqbJjixuaYa4FtZxrrlLAVixAYFzNDMKNNwBSanG0H&amp;fref=mentions&amp;__xts__%5B0%5D=68.ARBM98lTlhxXa_zNIwpR5afDX4s68q5UXL5DalcDrt3L2xbMhIU8JDVALJP_IE4BKDc7qeOcQS7NfO-xDgTLX7GVW2xhKW2LIFA-K7RDyUzjSu1FoTo_s3lQhK_v60Scg35nuh53Xkw15z25-REbfX6HYPODEK9Jvh3EXbUw-qJrSeI9e7Xcn99JDaXzOBBat_cUyXTrzb695qesY04pD4dyigrLWdpvD1rqml9Uw4COy3HdyvZAQaUeasUckVPJ8WpgyHtd4Y3Z8cPR1NAIRjK6x0qVqNQxvxTwi-0QW2W8VVqqrBtySG1qy_7n0nzDnJ73VRUOcy-SNffOBs0YJe6RZBig5g\" data-hovercard=\"\/ajax\/hovercard\/page.php?id=504941942893177&amp;extragetparams=%7B%22__tn__%22%3A%22%2CdK-R-R%22%2C%22eid%22%3A%22ARDNtCd1K0fA2TrkM10S6QjkAH4meuLMLfinGTSqbJjixuaYa4FtZxrrlLAVixAYFzNDMKNNwBSanG0H%22%2C%22fref%22%3A%22mentions%22%7D\" data-hovercard-prefer-more-content-show=\"1\">https:\/\/www.facebook.com\/JudocampAigen\/<\/a><br \/>\noder auf &gt;&gt;&gt; <a href=\"https:\/\/l.facebook.com\/l.php?u=https%3A%2F%2Fwww.instagram.com%2Fjudoclubklosterneuburg%2F\" target=\"_blank\" rel=\"noopener nofollow noreferrer\" data-ft=\"{&quot;tn&quot;:&quot;-U&quot;}\" data-lynx-mode=\"async\">https:\/\/www.instagram.com\/judoclubklosterneuburg\/<\/a><br \/>\nEs war sehr sch\u00f6n, es hat mich sehr gefreut *gg*<\/p>\n<p>&nbsp;<\/p>\n<p>&nbsp;<\/p>\n","protected":false},"excerpt":{"rendered":"<p>Das Judocamp in Aigen\/M\u00fchlkreis ist wieder mit viel Spa\u00df und Abwechslung \u00fcber die B\u00fchne gegangen&#8230;.\u00a0 Eindr\u00fccke auf:\u00a0 https:\/\/www.facebook.com\/JudocampAigen\/ oder auf &gt;&gt;&gt; https:\/\/www.instagram.com\/judoclubklosterneuburg\/ Es war sehr sch\u00f6n, es hat mich sehr &#8230;<\/p>\n","protected":false},"author":4,"featured_media":2952,"comment_status":"closed","ping_status":"closed","sticky":false,"template":"","format":"standard","meta":{"footnotes":""},"categories":[1],"tags":[],"class_list":["post-2951","post","type-post","status-publish","format-standard","has-post-thumbnail","hentry","category-allgemein"],"_links":{"self":[{"href":"https:\/\/judounion-klosterneuburg.at\/judo\/wp-json\/wp\/v2\/posts\/2951","targetHints":{"allow":["GET"]}}],"collection":[{"href":"https:\/\/judounion-klosterneuburg.at\/judo\/wp-json\/wp\/v2\/posts"}],"about":[{"href":"https:\/\/judounion-klosterneuburg.at\/judo\/wp-json\/wp\/v2\/types\/post"}],"author":[{"embeddable":true,"href":"https:\/\/judounion-klosterneuburg.at\/judo\/wp-json\/wp\/v2\/users\/4"}],"replies":[{"embeddable":true,"href":"https:\/\/judounion-klosterneuburg.at\/judo\/wp-json\/wp\/v2\/comments?post=2951"}],"version-history":[{"count":1,"href":"https:\/\/judounion-klosterneuburg.at\/judo\/wp-json\/wp\/v2\/posts\/2951\/revisions"}],"predecessor-version":[{"id":2953,"href":"https:\/\/judounion-klosterneuburg.at\/judo\/wp-json\/wp\/v2\/posts\/2951\/revisions\/2953"}],"wp:featuredmedia":[{"embeddable":true,"href":"https:\/\/judounion-klosterneuburg.at\/judo\/wp-json\/wp\/v2\/media\/2952"}],"wp:attachment":[{"href":"https:\/\/judounion-klosterneuburg.at\/judo\/wp-json\/wp\/v2\/media?parent=2951"}],"wp:term":[{"taxonomy":"category","embeddable":true,"href":"https:\/\/judounion-klosterneuburg.at\/judo\/wp-json\/wp\/v2\/categories?post=2951"},{"taxonomy":"post_tag","embeddable":true,"href":"https:\/\/judounion-klosterneuburg.at\/judo\/wp-json\/wp\/v2\/tags?post=2951"}],"curies":[{"name":"wp","href":"https:\/\/api.w.org\/{rel}","templated":true}]}}