{"id":2959,"date":"2019-09-01T13:50:41","date_gmt":"2019-09-01T11:50:41","guid":{"rendered":"https:\/\/judoclub-klosterneuburg.at\/judo\/?p=2959"},"modified":"2019-09-01T13:50:41","modified_gmt":"2019-09-01T11:50:41","slug":"nachtklettern-im-waldseilpark-kahlenberg","status":"publish","type":"post","link":"https:\/\/judounion-klosterneuburg.at\/judo\/nachtklettern-im-waldseilpark-kahlenberg\/","title":{"rendered":"Nachtklettern im Waldseilpark Kahlenberg"},"content":{"rendered":"<p>Freitag 30.08. = letztes Ferientraining mit Abschlu\u00df Nachtklettern im Waldseilpark Kahlenberg!<br \/>\nNach der letzten Trainingseinheit stand schon fast traditionell, ein Ferienausklang im Kletterpark am Programm.<br \/>\nNachtklettern ist ein besonderes Erlebnis, da die Dunkelheit zus\u00e4tzlich Adrenalin, Spa\u00df, Abwechslung und \u00dcberraschungen mit sich bringt. Es ein zus\u00e4tzlicher Kick wenn man das Ende des Flying Fox und den Boden nicht sieht. Jedenfalls jedes Jahr ein netter Ausflug!<br \/>\nDANKE f\u00fc<span class=\"text_exposed_show\">r die Unterst\u00fctzung an die Gesch\u00e4ftsf\u00fchrung des Abenteuer + Waldseilkletterpark Kahlenberg!<br \/>\nDanke an die Elternteile die mitgeholfen haben!!<br \/>\nDanke Roman f\u00fcr die Fotos!<br \/>\nGruppenfoto anklicken um ins Album zu kommen &gt;&gt;&gt;<br \/>\n<\/span><\/p>\n<p><a href=\"https:\/\/photos.app.goo.gl\/nmvpZj9tBH752LBC9\"><img loading=\"lazy\" decoding=\"async\" class=\"alignnone  wp-image-2960\" src=\"https:\/\/judoclub-klosterneuburg.at\/judo\/wp-content\/uploads\/2019\/09\/20190830-2S0A7614-800x571-300x214.jpg\" alt=\"\" width=\"704\" height=\"502\" srcset=\"https:\/\/judounion-klosterneuburg.at\/judo\/wp-content\/uploads\/2019\/09\/20190830-2S0A7614-800x571-300x214.jpg 300w, https:\/\/judounion-klosterneuburg.at\/judo\/wp-content\/uploads\/2019\/09\/20190830-2S0A7614-800x571-768x548.jpg 768w, https:\/\/judounion-klosterneuburg.at\/judo\/wp-content\/uploads\/2019\/09\/20190830-2S0A7614-800x571.jpg 800w\" sizes=\"auto, (max-width: 704px) 100vw, 704px\" \/><\/a><\/p>\n","protected":false},"excerpt":{"rendered":"<p>Freitag 30.08. = letztes Ferientraining mit Abschlu\u00df Nachtklettern im Waldseilpark Kahlenberg! Nach der letzten Trainingseinheit stand schon fast traditionell, ein Ferienausklang im Kletterpark am Programm. Nachtklettern ist ein besonderes Erlebnis, &#8230;<\/p>\n","protected":false},"author":4,"featured_media":2960,"comment_status":"closed","ping_status":"closed","sticky":false,"template":"","format":"standard","meta":{"footnotes":""},"categories":[1],"tags":[],"class_list":["post-2959","post","type-post","status-publish","format-standard","has-post-thumbnail","hentry","category-allgemein"],"_links":{"self":[{"href":"https:\/\/judounion-klosterneuburg.at\/judo\/wp-json\/wp\/v2\/posts\/2959","targetHints":{"allow":["GET"]}}],"collection":[{"href":"https:\/\/judounion-klosterneuburg.at\/judo\/wp-json\/wp\/v2\/posts"}],"about":[{"href":"https:\/\/judounion-klosterneuburg.at\/judo\/wp-json\/wp\/v2\/types\/post"}],"author":[{"embeddable":true,"href":"https:\/\/judounion-klosterneuburg.at\/judo\/wp-json\/wp\/v2\/users\/4"}],"replies":[{"embeddable":true,"href":"https:\/\/judounion-klosterneuburg.at\/judo\/wp-json\/wp\/v2\/comments?post=2959"}],"version-history":[{"count":1,"href":"https:\/\/judounion-klosterneuburg.at\/judo\/wp-json\/wp\/v2\/posts\/2959\/revisions"}],"predecessor-version":[{"id":2962,"href":"https:\/\/judounion-klosterneuburg.at\/judo\/wp-json\/wp\/v2\/posts\/2959\/revisions\/2962"}],"wp:featuredmedia":[{"embeddable":true,"href":"https:\/\/judounion-klosterneuburg.at\/judo\/wp-json\/wp\/v2\/media\/2960"}],"wp:attachment":[{"href":"https:\/\/judounion-klosterneuburg.at\/judo\/wp-json\/wp\/v2\/media?parent=2959"}],"wp:term":[{"taxonomy":"category","embeddable":true,"href":"https:\/\/judounion-klosterneuburg.at\/judo\/wp-json\/wp\/v2\/categories?post=2959"},{"taxonomy":"post_tag","embeddable":true,"href":"https:\/\/judounion-klosterneuburg.at\/judo\/wp-json\/wp\/v2\/tags?post=2959"}],"curies":[{"name":"wp","href":"https:\/\/api.w.org\/{rel}","templated":true}]}}