{"id":3082,"date":"2019-11-17T21:19:16","date_gmt":"2019-11-17T20:19:16","guid":{"rendered":"https:\/\/judoclub-klosterneuburg.at\/judo\/?p=3082"},"modified":"2019-11-17T21:49:17","modified_gmt":"2019-11-17T20:49:17","slug":"u18-europacup-gyoer-hun","status":"publish","type":"post","link":"https:\/\/judounion-klosterneuburg.at\/judo\/u18-europacup-gyoer-hun\/","title":{"rendered":"U18 Europacup GY\u00d6R\/HUN"},"content":{"rendered":"<p>Europacup Silber f\u00fcr FORTNER Jessica in Gy\u00f6r\/HUN!<br \/>\nDas Klosterneuburger Leopoldikind (Anm.: Jessica hatte am 15.11. ihren 16. Geburtstag) FORTNER Jessica gewinnt am Sonntag ihre erste U18 Europacup Medaille. Jessi gewinnt auf ihrem Weg ins Finale gegen die Italienerin FRANZOSI, die Slowakin FIZELOVA, die steirische Nationalteam Kollegin TRETNJAK, und gegen die Schwedin ANDERSSON bevor sie im Finale dann ganz knapp der Wienerin KALLINGER unterliegt. Ein Turnier mit 30 Nationen <span class=\"text_exposed_show\">mit deren gr\u00f6\u00dften Judonachwuchshoffnungen, um dann im Finale gegen die Freundin zu k\u00e4mpfen&#8230;. Ich denke nicht, dass es schon oft Europacup Finale mit zwei \u00d6sterreicherInnen gegeben hat.<br \/>\n<\/span><span class=\"text_exposed_show\">Sch\u00f6n das \u00d6sterreich so starken Judonachwuchs hat, und Klosterneuburg voll dabei ist!<br \/>\nDanke an SUMMER Anton, Jessicas S\u00fcdstadt Trainer f\u00fcr die Betreuung w\u00e4hrend des Wettkampftages.<br \/>\nGratulation der Judo Wien K\u00e4mpferin Laura Kallinger zur Goldmedaille!<br \/>\nGratulation Jessica zum Geburtstag und zu deiner Europacup Silbermedaille!<\/span><img loading=\"lazy\" decoding=\"async\" class=\"alignnone size-medium wp-image-3084\" src=\"https:\/\/judoclub-klosterneuburg.at\/judo\/wp-content\/uploads\/2019\/11\/image0-749x800-281x300.jpg\" alt=\"\" width=\"281\" height=\"300\" srcset=\"https:\/\/judounion-klosterneuburg.at\/judo\/wp-content\/uploads\/2019\/11\/image0-749x800-281x300.jpg 281w, https:\/\/judounion-klosterneuburg.at\/judo\/wp-content\/uploads\/2019\/11\/image0-749x800.jpg 749w\" sizes=\"auto, (max-width: 281px) 100vw, 281px\" \/> <img loading=\"lazy\" decoding=\"async\" class=\"alignnone size-medium wp-image-3085\" src=\"https:\/\/judoclub-klosterneuburg.at\/judo\/wp-content\/uploads\/2019\/11\/image2-800x600-300x225.jpg\" alt=\"\" width=\"300\" height=\"225\" srcset=\"https:\/\/judounion-klosterneuburg.at\/judo\/wp-content\/uploads\/2019\/11\/image2-800x600-300x225.jpg 300w, https:\/\/judounion-klosterneuburg.at\/judo\/wp-content\/uploads\/2019\/11\/image2-800x600-768x576.jpg 768w, https:\/\/judounion-klosterneuburg.at\/judo\/wp-content\/uploads\/2019\/11\/image2-800x600-268x201.jpg 268w, https:\/\/judounion-klosterneuburg.at\/judo\/wp-content\/uploads\/2019\/11\/image2-800x600.jpg 800w\" sizes=\"auto, (max-width: 300px) 100vw, 300px\" \/> <img loading=\"lazy\" decoding=\"async\" class=\"alignnone size-medium wp-image-3086\" src=\"https:\/\/judoclub-klosterneuburg.at\/judo\/wp-content\/uploads\/2019\/11\/image3-800x600-300x225.jpg\" alt=\"\" width=\"300\" height=\"225\" srcset=\"https:\/\/judounion-klosterneuburg.at\/judo\/wp-content\/uploads\/2019\/11\/image3-800x600-300x225.jpg 300w, https:\/\/judounion-klosterneuburg.at\/judo\/wp-content\/uploads\/2019\/11\/image3-800x600-768x576.jpg 768w, https:\/\/judounion-klosterneuburg.at\/judo\/wp-content\/uploads\/2019\/11\/image3-800x600-268x201.jpg 268w, https:\/\/judounion-klosterneuburg.at\/judo\/wp-content\/uploads\/2019\/11\/image3-800x600.jpg 800w\" sizes=\"auto, (max-width: 300px) 100vw, 300px\" \/> <img loading=\"lazy\" decoding=\"async\" class=\"alignnone size-medium wp-image-3087\" src=\"https:\/\/judoclub-klosterneuburg.at\/judo\/wp-content\/uploads\/2019\/11\/IMG-20191117-WA0006-621x747-249x300.jpg\" alt=\"\" width=\"249\" height=\"300\" srcset=\"https:\/\/judounion-klosterneuburg.at\/judo\/wp-content\/uploads\/2019\/11\/IMG-20191117-WA0006-621x747-249x300.jpg 249w, https:\/\/judounion-klosterneuburg.at\/judo\/wp-content\/uploads\/2019\/11\/IMG-20191117-WA0006-621x747.jpg 621w\" sizes=\"auto, (max-width: 249px) 100vw, 249px\" \/><\/p>\n","protected":false},"excerpt":{"rendered":"<p>Europacup Silber f\u00fcr FORTNER Jessica in Gy\u00f6r\/HUN! Das Klosterneuburger Leopoldikind (Anm.: Jessica hatte am 15.11. ihren 16. Geburtstag) FORTNER Jessica gewinnt am Sonntag ihre erste U18 Europacup Medaille. Jessi gewinnt &#8230;<\/p>\n","protected":false},"author":4,"featured_media":3083,"comment_status":"closed","ping_status":"closed","sticky":false,"template":"","format":"standard","meta":{"footnotes":""},"categories":[1],"tags":[],"class_list":["post-3082","post","type-post","status-publish","format-standard","has-post-thumbnail","hentry","category-allgemein"],"_links":{"self":[{"href":"https:\/\/judounion-klosterneuburg.at\/judo\/wp-json\/wp\/v2\/posts\/3082","targetHints":{"allow":["GET"]}}],"collection":[{"href":"https:\/\/judounion-klosterneuburg.at\/judo\/wp-json\/wp\/v2\/posts"}],"about":[{"href":"https:\/\/judounion-klosterneuburg.at\/judo\/wp-json\/wp\/v2\/types\/post"}],"author":[{"embeddable":true,"href":"https:\/\/judounion-klosterneuburg.at\/judo\/wp-json\/wp\/v2\/users\/4"}],"replies":[{"embeddable":true,"href":"https:\/\/judounion-klosterneuburg.at\/judo\/wp-json\/wp\/v2\/comments?post=3082"}],"version-history":[{"count":3,"href":"https:\/\/judounion-klosterneuburg.at\/judo\/wp-json\/wp\/v2\/posts\/3082\/revisions"}],"predecessor-version":[{"id":3090,"href":"https:\/\/judounion-klosterneuburg.at\/judo\/wp-json\/wp\/v2\/posts\/3082\/revisions\/3090"}],"wp:featuredmedia":[{"embeddable":true,"href":"https:\/\/judounion-klosterneuburg.at\/judo\/wp-json\/wp\/v2\/media\/3083"}],"wp:attachment":[{"href":"https:\/\/judounion-klosterneuburg.at\/judo\/wp-json\/wp\/v2\/media?parent=3082"}],"wp:term":[{"taxonomy":"category","embeddable":true,"href":"https:\/\/judounion-klosterneuburg.at\/judo\/wp-json\/wp\/v2\/categories?post=3082"},{"taxonomy":"post_tag","embeddable":true,"href":"https:\/\/judounion-klosterneuburg.at\/judo\/wp-json\/wp\/v2\/tags?post=3082"}],"curies":[{"name":"wp","href":"https:\/\/api.w.org\/{rel}","templated":true}]}}