{"id":3175,"date":"2020-01-21T09:33:14","date_gmt":"2020-01-21T08:33:14","guid":{"rendered":"https:\/\/judoclub-klosterneuburg.at\/judo\/?p=3175"},"modified":"2020-01-21T09:39:18","modified_gmt":"2020-01-21T08:39:18","slug":"oem-u18-oem-u23-feldkirch-v","status":"publish","type":"post","link":"https:\/\/judounion-klosterneuburg.at\/judo\/oem-u18-oem-u23-feldkirch-v\/","title":{"rendered":"\u00d6M U18 \/ \u00d6M U23 Feldkirch\/V"},"content":{"rendered":"<p>\u00d6sterreichische Meisterschaften U18\/U23!<br \/>\nAm Wochenende 18.\/19.1. fanden die \u00d6sterreichischen Meisterschaften U18 und U23 in Feldkirch\/Vrlbg. statt.<br \/>\nMit viel Pech ging es gleich am Samstag los. Zwei unserer Medaillienanw\u00e4rter (Gadermaier Katja und Aust Phillip) bekommen jeweils durch eine unachtsame Reflexhandlung eine direkte Disqualifikation und waren daher nicht mehr im Turnier. Der dritte Pechvogel, Fortner Jessica verletzte sich im Finale an der Schulter, verlor das Final<span class=\"text_exposed_show\">e, hatte am n\u00e4chsten Tag bei der U23 auf Grund der Verletzung fast keine M\u00f6glichkeit in die Medaillenk\u00e4mpfe einzugreifen, und musste das Turnier abbrechen.<br \/>\nDas Positive &#8230;. wir haben am Samstag doch noch mit 1x Silber (Fortner Jessica) und 3x Bronze (Bamberger Julia, Bieber Paul, Schandl Philip) erk\u00e4mpft, und als bester N\u00d6 Verein den Tag beendet.<br \/>\nAm Sonntag bei der U23 war nicht wirklich mit Medaillen zu rechnen. Alle unsere Klosterneuburger StarterInnen sind 16 j\u00e4hrige Jugendliche. Aber hier konnten sich doch dann Gadermaier Katja und Aust Phillip f\u00fcr ihren verpatzen Auftritt vom Vortag noch mit Silber und Bronze im U23 Bewerb belohnen!<\/span><\/p>\n<p><span class=\"text_exposed_show\"><a href=\"https:\/\/photos.app.goo.gl\/vsxTuesz5Xv2krzd7\">Danke Peter f\u00fcr das Fotoalbum &#8222;Nr1&#8220; U18<\/a><br \/>\n<a href=\"https:\/\/photos.app.goo.gl\/Yc8NJKiU1u9FPpxR7\">Danke Peter f\u00fcr die Fotoalbum &#8222;Nr2&#8220; U23:<\/a><\/span><\/p>\n<p>&nbsp;<\/p>\n<p>&nbsp;<\/p>\n","protected":false},"excerpt":{"rendered":"<p>\u00d6sterreichische Meisterschaften U18\/U23! Am Wochenende 18.\/19.1. fanden die \u00d6sterreichischen Meisterschaften U18 und U23 in Feldkirch\/Vrlbg. statt. Mit viel Pech ging es gleich am Samstag los. Zwei unserer Medaillienanw\u00e4rter (Gadermaier Katja &#8230;<\/p>\n","protected":false},"author":4,"featured_media":3176,"comment_status":"closed","ping_status":"closed","sticky":false,"template":"","format":"standard","meta":{"footnotes":""},"categories":[1],"tags":[],"class_list":["post-3175","post","type-post","status-publish","format-standard","has-post-thumbnail","hentry","category-allgemein"],"_links":{"self":[{"href":"https:\/\/judounion-klosterneuburg.at\/judo\/wp-json\/wp\/v2\/posts\/3175","targetHints":{"allow":["GET"]}}],"collection":[{"href":"https:\/\/judounion-klosterneuburg.at\/judo\/wp-json\/wp\/v2\/posts"}],"about":[{"href":"https:\/\/judounion-klosterneuburg.at\/judo\/wp-json\/wp\/v2\/types\/post"}],"author":[{"embeddable":true,"href":"https:\/\/judounion-klosterneuburg.at\/judo\/wp-json\/wp\/v2\/users\/4"}],"replies":[{"embeddable":true,"href":"https:\/\/judounion-klosterneuburg.at\/judo\/wp-json\/wp\/v2\/comments?post=3175"}],"version-history":[{"count":3,"href":"https:\/\/judounion-klosterneuburg.at\/judo\/wp-json\/wp\/v2\/posts\/3175\/revisions"}],"predecessor-version":[{"id":3179,"href":"https:\/\/judounion-klosterneuburg.at\/judo\/wp-json\/wp\/v2\/posts\/3175\/revisions\/3179"}],"wp:featuredmedia":[{"embeddable":true,"href":"https:\/\/judounion-klosterneuburg.at\/judo\/wp-json\/wp\/v2\/media\/3176"}],"wp:attachment":[{"href":"https:\/\/judounion-klosterneuburg.at\/judo\/wp-json\/wp\/v2\/media?parent=3175"}],"wp:term":[{"taxonomy":"category","embeddable":true,"href":"https:\/\/judounion-klosterneuburg.at\/judo\/wp-json\/wp\/v2\/categories?post=3175"},{"taxonomy":"post_tag","embeddable":true,"href":"https:\/\/judounion-klosterneuburg.at\/judo\/wp-json\/wp\/v2\/tags?post=3175"}],"curies":[{"name":"wp","href":"https:\/\/api.w.org\/{rel}","templated":true}]}}