{"id":328,"date":"2016-04-22T13:09:54","date_gmt":"2016-04-22T11:09:54","guid":{"rendered":"https:\/\/judoclub-klosterneuburg.at\/judo\/?p=328"},"modified":"2016-05-03T16:16:28","modified_gmt":"2016-05-03T14:16:28","slug":"guertelpruefungen-april-2016","status":"publish","type":"post","link":"https:\/\/judounion-klosterneuburg.at\/judo\/guertelpruefungen-april-2016\/","title":{"rendered":"G\u00fcrtelpr\u00fcfungen April 2016"},"content":{"rendered":"<p>&#8222;Wei\u00dfe Fahne bei den G\u00fcrtelpr\u00fcfungen!&#8220;<br \/>\nAm 19., 20., und am 22.4. gab es Gr\u00fctelpr\u00fcfungen bei Judoclub Klosterneuburg!<br \/>\nAlle Kinder haben die Pr\u00fcfungen bravor\u00f6s bestanden und d\u00fcrfen daher ab sofort mit neuen Farben in die weitere Judolaufbahn starten!<br \/>\nAm Foto sind unsere Kleinsten &#8211; die Kindergarten und Vorschulgruppe stolz auf ihre Judop\u00e4sse und Urkunden!<\/p>\n<p>Fotos <a href=\"https:\/\/picasaweb.google.com\/102213725802142520816\/6279712983135733201?authkey=Gv1sRgCNuL6YeHgauHXg&amp;feat=email\" target=\"_blank\">HIER<\/a><\/p>\n","protected":false},"excerpt":{"rendered":"<p>&#8222;Wei\u00dfe Fahne bei den G\u00fcrtelpr\u00fcfungen!&#8220; Am 19., 20., und am 22.4. gab es Gr\u00fctelpr\u00fcfungen bei Judoclub Klosterneuburg! Alle Kinder haben die Pr\u00fcfungen bravor\u00f6s bestanden und d\u00fcrfen daher ab sofort mit &#8230;<\/p>\n","protected":false},"author":1,"featured_media":329,"comment_status":"closed","ping_status":"closed","sticky":false,"template":"","format":"standard","meta":{"footnotes":""},"categories":[1],"tags":[],"class_list":["post-328","post","type-post","status-publish","format-standard","has-post-thumbnail","hentry","category-allgemein"],"_links":{"self":[{"href":"https:\/\/judounion-klosterneuburg.at\/judo\/wp-json\/wp\/v2\/posts\/328","targetHints":{"allow":["GET"]}}],"collection":[{"href":"https:\/\/judounion-klosterneuburg.at\/judo\/wp-json\/wp\/v2\/posts"}],"about":[{"href":"https:\/\/judounion-klosterneuburg.at\/judo\/wp-json\/wp\/v2\/types\/post"}],"author":[{"embeddable":true,"href":"https:\/\/judounion-klosterneuburg.at\/judo\/wp-json\/wp\/v2\/users\/1"}],"replies":[{"embeddable":true,"href":"https:\/\/judounion-klosterneuburg.at\/judo\/wp-json\/wp\/v2\/comments?post=328"}],"version-history":[{"count":2,"href":"https:\/\/judounion-klosterneuburg.at\/judo\/wp-json\/wp\/v2\/posts\/328\/revisions"}],"predecessor-version":[{"id":424,"href":"https:\/\/judounion-klosterneuburg.at\/judo\/wp-json\/wp\/v2\/posts\/328\/revisions\/424"}],"wp:featuredmedia":[{"embeddable":true,"href":"https:\/\/judounion-klosterneuburg.at\/judo\/wp-json\/wp\/v2\/media\/329"}],"wp:attachment":[{"href":"https:\/\/judounion-klosterneuburg.at\/judo\/wp-json\/wp\/v2\/media?parent=328"}],"wp:term":[{"taxonomy":"category","embeddable":true,"href":"https:\/\/judounion-klosterneuburg.at\/judo\/wp-json\/wp\/v2\/categories?post=328"},{"taxonomy":"post_tag","embeddable":true,"href":"https:\/\/judounion-klosterneuburg.at\/judo\/wp-json\/wp\/v2\/tags?post=328"}],"curies":[{"name":"wp","href":"https:\/\/api.w.org\/{rel}","templated":true}]}}