{"id":3340,"date":"2020-07-10T22:22:02","date_gmt":"2020-07-10T20:22:02","guid":{"rendered":"https:\/\/judoclub-klosterneuburg.at\/judo\/?p=3340"},"modified":"2020-07-10T22:23:16","modified_gmt":"2020-07-10T20:23:16","slug":"grosshart-sommerferiencamp-2020","status":"publish","type":"post","link":"https:\/\/judounion-klosterneuburg.at\/judo\/grosshart-sommerferiencamp-2020\/","title":{"rendered":"Gro\u00dfhart Sommerferiencamp 2020"},"content":{"rendered":"<div dir=\"auto\">Unser erstes Sommer Feriencamp 2020 erfolgreich abgeschlossen!<\/div>\n<div dir=\"auto\">Gleich in der ersten Ferienwoche hatten wir unser erstes Judo-Abenteuer Feriencamp in Gro\u00dfhart\/STMK am Plan.<\/div>\n<div dir=\"auto\">Anfangs als &#8222;Corona Notl\u00f6sung&#8220; gedacht, wurde dieses Camp zu einem der Tollsten und Sch\u00f6nsten welches wir je durchgef\u00fchrt hatten.<\/div>\n<div dir=\"auto\">Zu den verordneten Hygiene Ma\u00dfnahmen und Fieber messen , war unser Konzept gegen Corona, dass wir au\u00dfer zum Schlafen zu 100% an der frischen Luft waren. Judotraining, alle Pausen, Essen, alle Aktivit\u00e4ten nur Outdoor.<\/div>\n<div dir=\"auto\">Riesiges weitl\u00e4ufiges Gel\u00e4nde mit einem Naturteich, inspirierte die Trainer zu jeder Menge Ideen f\u00fcr Spiel, Spa\u00df und Abenteuer.<\/div>\n<div dir=\"auto\">Bilder sagen mehr als 1000 Worte &gt; &#8230; klicke das Bild an und besuche unser Fotoalbum<\/div>\n<div dir=\"auto\"><a href=\"https:\/\/photos.app.goo.gl\/bki4Nv9shGf5zEhU6\"><img loading=\"lazy\" decoding=\"async\" class=\"alignnone wp-image-3341\" src=\"https:\/\/judoclub-klosterneuburg.at\/judo\/wp-content\/uploads\/2020\/07\/DSC_0453-800x571-1-300x214.jpg\" alt=\"\" width=\"493\" height=\"352\" srcset=\"https:\/\/judounion-klosterneuburg.at\/judo\/wp-content\/uploads\/2020\/07\/DSC_0453-800x571-1-300x214.jpg 300w, https:\/\/judounion-klosterneuburg.at\/judo\/wp-content\/uploads\/2020\/07\/DSC_0453-800x571-1-768x548.jpg 768w, https:\/\/judounion-klosterneuburg.at\/judo\/wp-content\/uploads\/2020\/07\/DSC_0453-800x571-1.jpg 800w\" sizes=\"auto, (max-width: 493px) 100vw, 493px\" \/><\/a><\/div>\n<p>&nbsp;<\/p>\n","protected":false},"excerpt":{"rendered":"<p>Unser erstes Sommer Feriencamp 2020 erfolgreich abgeschlossen! Gleich in der ersten Ferienwoche hatten wir unser erstes Judo-Abenteuer Feriencamp in Gro\u00dfhart\/STMK am Plan. Anfangs als &#8222;Corona Notl\u00f6sung&#8220; gedacht, wurde dieses Camp &#8230;<\/p>\n","protected":false},"author":4,"featured_media":3342,"comment_status":"closed","ping_status":"closed","sticky":false,"template":"","format":"standard","meta":{"footnotes":""},"categories":[1],"tags":[],"class_list":["post-3340","post","type-post","status-publish","format-standard","has-post-thumbnail","hentry","category-allgemein"],"_links":{"self":[{"href":"https:\/\/judounion-klosterneuburg.at\/judo\/wp-json\/wp\/v2\/posts\/3340","targetHints":{"allow":["GET"]}}],"collection":[{"href":"https:\/\/judounion-klosterneuburg.at\/judo\/wp-json\/wp\/v2\/posts"}],"about":[{"href":"https:\/\/judounion-klosterneuburg.at\/judo\/wp-json\/wp\/v2\/types\/post"}],"author":[{"embeddable":true,"href":"https:\/\/judounion-klosterneuburg.at\/judo\/wp-json\/wp\/v2\/users\/4"}],"replies":[{"embeddable":true,"href":"https:\/\/judounion-klosterneuburg.at\/judo\/wp-json\/wp\/v2\/comments?post=3340"}],"version-history":[{"count":2,"href":"https:\/\/judounion-klosterneuburg.at\/judo\/wp-json\/wp\/v2\/posts\/3340\/revisions"}],"predecessor-version":[{"id":3344,"href":"https:\/\/judounion-klosterneuburg.at\/judo\/wp-json\/wp\/v2\/posts\/3340\/revisions\/3344"}],"wp:featuredmedia":[{"embeddable":true,"href":"https:\/\/judounion-klosterneuburg.at\/judo\/wp-json\/wp\/v2\/media\/3342"}],"wp:attachment":[{"href":"https:\/\/judounion-klosterneuburg.at\/judo\/wp-json\/wp\/v2\/media?parent=3340"}],"wp:term":[{"taxonomy":"category","embeddable":true,"href":"https:\/\/judounion-klosterneuburg.at\/judo\/wp-json\/wp\/v2\/categories?post=3340"},{"taxonomy":"post_tag","embeddable":true,"href":"https:\/\/judounion-klosterneuburg.at\/judo\/wp-json\/wp\/v2\/tags?post=3340"}],"curies":[{"name":"wp","href":"https:\/\/api.w.org\/{rel}","templated":true}]}}