{"id":3355,"date":"2020-07-24T15:34:43","date_gmt":"2020-07-24T13:34:43","guid":{"rendered":"https:\/\/judoclub-klosterneuburg.at\/judo\/?p=3355"},"modified":"2020-07-24T15:34:43","modified_gmt":"2020-07-24T13:34:43","slug":"sommercamp-in-der-vs-anton-brucknergasse","status":"publish","type":"post","link":"https:\/\/judounion-klosterneuburg.at\/judo\/sommercamp-in-der-vs-anton-brucknergasse\/","title":{"rendered":"Sommercamp in der VS Anton Brucknergasse!"},"content":{"rendered":"<div dir=\"auto\">Wie jedes Jahr in der dritten Ferienwoche fand auch dieses Jahr ein Judoferiencamp in der VS Anton Brucknergasse statt. Dieses Jahr durch Corona erstmals auf 20 TeilnehmerInnen beschr\u00e4nkt, mit t\u00e4glich Fiebermessen, Hand- und Materialdesinfektion, aber daf\u00fcr mit Energie der TeilnehmerInnen wie nie zuvor.<\/div>\n<div dir=\"auto\">Die ganze Woche, t\u00e4glich von 9.00 bis 17.00 war durchgehend Spiel, Spa\u00df, Judo, Basteln und Aktion angesagt.<\/div>\n<div dir=\"auto\">Wasserschlachten, Judo-Bobbi Carrennen, M\u00fcslisch\u00fcssel basteln, Takeshis Castle, Klettern, Zirkeltraining wurde von t\u00e4gl. 2x Judo und den &#8222;Standardspielen&#8220; abgerundet. Fad war uns nie, und wie man auf den Fotos sehen kann, wurde auch ernsthaft an unserem Judo gearbeitet. <span class=\"q9uorilb tbxw36s4 knj5qynh kvgmc6g5 ditlmg2l oygrvhab nvdbi5me fgm26odu gl3lb2sf hhz5lgdu\"><img loading=\"lazy\" decoding=\"async\" src=\"https:\/\/static.xx.fbcdn.net\/images\/emoji.php\/v9\/tfc\/1\/16\/1f44d.png\" alt=\"\ud83d\udc4d\" width=\"16\" height=\"16\" \/><\/span><span class=\"q9uorilb tbxw36s4 knj5qynh kvgmc6g5 ditlmg2l oygrvhab nvdbi5me fgm26odu gl3lb2sf hhz5lgdu\"><img loading=\"lazy\" decoding=\"async\" src=\"https:\/\/static.xx.fbcdn.net\/images\/emoji.php\/v9\/t7f\/1\/16\/1f60a.png\" alt=\"\ud83d\ude0a\" width=\"16\" height=\"16\" \/><\/span><\/div>\n<div dir=\"auto\">Klicke das Foto an und besuche unser Fotoalbum:<\/div>\n<p><a href=\"https:\/\/photos.app.goo.gl\/ttRYds3UDZU13sHn7\"><img loading=\"lazy\" decoding=\"async\" class=\"alignnone  wp-image-3356\" src=\"https:\/\/judoclub-klosterneuburg.at\/judo\/wp-content\/uploads\/2020\/07\/DSC_0240-571x800-1-214x300.jpg\" alt=\"\" width=\"311\" height=\"436\" srcset=\"https:\/\/judounion-klosterneuburg.at\/judo\/wp-content\/uploads\/2020\/07\/DSC_0240-571x800-1-214x300.jpg 214w, https:\/\/judounion-klosterneuburg.at\/judo\/wp-content\/uploads\/2020\/07\/DSC_0240-571x800-1.jpg 571w\" sizes=\"auto, (max-width: 311px) 100vw, 311px\" \/><\/a><\/p>\n","protected":false},"excerpt":{"rendered":"<p>Wie jedes Jahr in der dritten Ferienwoche fand auch dieses Jahr ein Judoferiencamp in der VS Anton Brucknergasse statt. Dieses Jahr durch Corona erstmals auf 20 TeilnehmerInnen beschr\u00e4nkt, mit t\u00e4glich &#8230;<\/p>\n","protected":false},"author":4,"featured_media":3357,"comment_status":"closed","ping_status":"closed","sticky":false,"template":"","format":"standard","meta":{"footnotes":""},"categories":[1],"tags":[],"class_list":["post-3355","post","type-post","status-publish","format-standard","has-post-thumbnail","hentry","category-allgemein"],"_links":{"self":[{"href":"https:\/\/judounion-klosterneuburg.at\/judo\/wp-json\/wp\/v2\/posts\/3355","targetHints":{"allow":["GET"]}}],"collection":[{"href":"https:\/\/judounion-klosterneuburg.at\/judo\/wp-json\/wp\/v2\/posts"}],"about":[{"href":"https:\/\/judounion-klosterneuburg.at\/judo\/wp-json\/wp\/v2\/types\/post"}],"author":[{"embeddable":true,"href":"https:\/\/judounion-klosterneuburg.at\/judo\/wp-json\/wp\/v2\/users\/4"}],"replies":[{"embeddable":true,"href":"https:\/\/judounion-klosterneuburg.at\/judo\/wp-json\/wp\/v2\/comments?post=3355"}],"version-history":[{"count":1,"href":"https:\/\/judounion-klosterneuburg.at\/judo\/wp-json\/wp\/v2\/posts\/3355\/revisions"}],"predecessor-version":[{"id":3358,"href":"https:\/\/judounion-klosterneuburg.at\/judo\/wp-json\/wp\/v2\/posts\/3355\/revisions\/3358"}],"wp:featuredmedia":[{"embeddable":true,"href":"https:\/\/judounion-klosterneuburg.at\/judo\/wp-json\/wp\/v2\/media\/3357"}],"wp:attachment":[{"href":"https:\/\/judounion-klosterneuburg.at\/judo\/wp-json\/wp\/v2\/media?parent=3355"}],"wp:term":[{"taxonomy":"category","embeddable":true,"href":"https:\/\/judounion-klosterneuburg.at\/judo\/wp-json\/wp\/v2\/categories?post=3355"},{"taxonomy":"post_tag","embeddable":true,"href":"https:\/\/judounion-klosterneuburg.at\/judo\/wp-json\/wp\/v2\/tags?post=3355"}],"curies":[{"name":"wp","href":"https:\/\/api.w.org\/{rel}","templated":true}]}}