{"id":3552,"date":"2021-07-12T11:54:55","date_gmt":"2021-07-12T09:54:55","guid":{"rendered":"https:\/\/judoclub-klosterneuburg.at\/judo\/?p=3552"},"modified":"2021-07-12T14:31:44","modified_gmt":"2021-07-12T12:31:44","slug":"hoher-besuch-beim-judoclub","status":"publish","type":"post","link":"https:\/\/judounion-klosterneuburg.at\/judo\/hoher-besuch-beim-judoclub\/","title":{"rendered":"Hoher Besuch beim Judoclub!"},"content":{"rendered":"\n<p><strong>Bildungsminister Univ.-Prof. Dr. Heinz Fa\u00dfmann zu Besuch beim Judoclub Klosterneuburg<br><\/strong>Am ersten Tag unseres Judo Sommercamps in der NMS Langst\u00f6gergasse haben sich Bundesminister Univ.-Prof. Dr. Heinz Fa\u00dfmann, B\u00fcrgermeister Mag. Stefan Schmuckenschlager, Bildungsstadtr\u00e4tin Dr. Maria-Theresia Eder und Sportstadtrat Christoph Kaufmann MAS ein Bild von der Schulraum\u00fcberlassung f\u00fcr Klosterneuburgs Sportvereine in den Ferien gemacht. <br>Unsere j\u00fcngsten Judokids haben dabei ihr K\u00f6nnen im Rahmen einer kleinen Vorf\u00fchrung &#8211; moderiert von Jugend Vizeeuropameisterin Anika Schicho &#8211; unter Beweis gestellt. Gezeigt wurden etwa Fallschule, K\u00f6rperw\u00fcrfe und Bodentechniken. Bundesminister Univ.-Prof. Dr. Fa\u00dfmann zeigte sich an unserem Sport und die damit verbundenen Judowerte sehr interessiert und hat sich viel Zeit f\u00fcr pers\u00f6nliche Gespr\u00e4che mit unseren Sportler\/innen genommen. Ohne die Zusammenarbeit mit den Schulen w\u00e4re die Aus\u00fcbung unseres Sports kaum m\u00f6glich. Daher sind wir sehr froh dar\u00fcber, dass sich die Politik zu einem offenen Zugang zu den Sportst\u00e4tten der Schulen f\u00fcr die Sportvereine bekennt. Speziell in Klosterneuburg haben wir dazu schon in der Vergangenheit gro\u00dfe Unterst\u00fctzung von Bildungsstadtr\u00e4tin Dr. Eder erfahren. Vielen Dank f\u00fcr Eure Unterst\u00fctzung und den Besuch, wir haben uns sehr gefreut!<br><a href=\"https:\/\/photos.app.goo.gl\/8kA56sTodfZsDEvZ7\">FOTOALBUM<\/a><\/p>\n\n\n\n<div class=\"wp-block-columns is-layout-flex wp-container-core-columns-is-layout-9d6595d7 wp-block-columns-is-layout-flex\">\n<div class=\"wp-block-column is-layout-flow wp-block-column-is-layout-flow\" style=\"flex-basis:100%\">\n<figure class=\"wp-block-gallery columns-1 is-cropped wp-block-gallery-1 is-layout-flex wp-block-gallery-is-layout-flex\"><ul class=\"blocks-gallery-grid\"><li class=\"blocks-gallery-item\"><figure><img loading=\"lazy\" decoding=\"async\" width=\"1024\" height=\"731\" src=\"https:\/\/judoclub-klosterneuburg.at\/judo\/wp-content\/uploads\/2021\/07\/2W1A0764-1024x731-2.jpg\" alt=\"\" data-id=\"3563\" data-full-url=\"https:\/\/judoclub-klosterneuburg.at\/judo\/wp-content\/uploads\/2021\/07\/2W1A0764-1024x731-2.jpg\" data-link=\"https:\/\/judoclub-klosterneuburg.at\/judo\/hoher-besuch-beim-judoclub\/2w1a0764-1024x731-2\/\" class=\"wp-image-3563\" srcset=\"https:\/\/judounion-klosterneuburg.at\/judo\/wp-content\/uploads\/2021\/07\/2W1A0764-1024x731-2.jpg 1024w, https:\/\/judounion-klosterneuburg.at\/judo\/wp-content\/uploads\/2021\/07\/2W1A0764-1024x731-2-300x214.jpg 300w, https:\/\/judounion-klosterneuburg.at\/judo\/wp-content\/uploads\/2021\/07\/2W1A0764-1024x731-2-768x548.jpg 768w\" sizes=\"auto, (max-width: 1024px) 100vw, 1024px\" \/><\/figure><\/li><\/ul><\/figure>\n<\/div>\n<\/div>\n","protected":false},"excerpt":{"rendered":"<p>Bildungsminister Univ.-Prof. Dr. Heinz Fa\u00dfmann zu Besuch beim Judoclub KlosterneuburgAm ersten Tag unseres Judo Sommercamps in der NMS Langst\u00f6gergasse haben sich Bundesminister Univ.-Prof. Dr. Heinz Fa\u00dfmann, B\u00fcrgermeister Mag. Stefan Schmuckenschlager, &#8230;<\/p>\n","protected":false},"author":4,"featured_media":3557,"comment_status":"closed","ping_status":"closed","sticky":false,"template":"","format":"standard","meta":{"footnotes":""},"categories":[1],"tags":[],"class_list":["post-3552","post","type-post","status-publish","format-standard","has-post-thumbnail","hentry","category-allgemein"],"_links":{"self":[{"href":"https:\/\/judounion-klosterneuburg.at\/judo\/wp-json\/wp\/v2\/posts\/3552","targetHints":{"allow":["GET"]}}],"collection":[{"href":"https:\/\/judounion-klosterneuburg.at\/judo\/wp-json\/wp\/v2\/posts"}],"about":[{"href":"https:\/\/judounion-klosterneuburg.at\/judo\/wp-json\/wp\/v2\/types\/post"}],"author":[{"embeddable":true,"href":"https:\/\/judounion-klosterneuburg.at\/judo\/wp-json\/wp\/v2\/users\/4"}],"replies":[{"embeddable":true,"href":"https:\/\/judounion-klosterneuburg.at\/judo\/wp-json\/wp\/v2\/comments?post=3552"}],"version-history":[{"count":3,"href":"https:\/\/judounion-klosterneuburg.at\/judo\/wp-json\/wp\/v2\/posts\/3552\/revisions"}],"predecessor-version":[{"id":3565,"href":"https:\/\/judounion-klosterneuburg.at\/judo\/wp-json\/wp\/v2\/posts\/3552\/revisions\/3565"}],"wp:featuredmedia":[{"embeddable":true,"href":"https:\/\/judounion-klosterneuburg.at\/judo\/wp-json\/wp\/v2\/media\/3557"}],"wp:attachment":[{"href":"https:\/\/judounion-klosterneuburg.at\/judo\/wp-json\/wp\/v2\/media?parent=3552"}],"wp:term":[{"taxonomy":"category","embeddable":true,"href":"https:\/\/judounion-klosterneuburg.at\/judo\/wp-json\/wp\/v2\/categories?post=3552"},{"taxonomy":"post_tag","embeddable":true,"href":"https:\/\/judounion-klosterneuburg.at\/judo\/wp-json\/wp\/v2\/tags?post=3552"}],"curies":[{"name":"wp","href":"https:\/\/api.w.org\/{rel}","templated":true}]}}