{"id":4098,"date":"2022-08-18T08:10:22","date_gmt":"2022-08-18T06:10:22","guid":{"rendered":"https:\/\/judounion-klosterneuburg.at\/judo\/?p=4098"},"modified":"2022-08-18T08:10:25","modified_gmt":"2022-08-18T06:10:25","slug":"habt-acht","status":"publish","type":"post","link":"https:\/\/judounion-klosterneuburg.at\/judo\/habt-acht\/","title":{"rendered":"Habt acht!"},"content":{"rendered":"\n<p>Seit 4. Juli absolviert AUST Phillip seinen Pr\u00e4senzdienst beim Bundesheer.<\/p>\n\n\n\n<p>Nach Ende der Grundausbildung \u00fcbersiedelte er nun f\u00fcr die n\u00e4chsten sechs Monate an den Judo Bundesst\u00fctzpunkt Linz &gt; Phillip hat die Aufnahme ins HSZ (Heeres Sport Zentrum) geschafft und ist jetzt Judo Soldat.<\/p>\n\n\n\n<p>Dies ist f\u00fcr viele der erste Einstieg in den Profi Leistungssport, da sich ab jetzt, in finaziell abgesicherter Position, nur mehr alles um den Sport dreht.<\/p>\n\n\n\n<p>Dies war immer der Traum von <a><\/a>Phillip, und wir begleiten ihn weiter mit Stolz auf diesem\/seinem (Traum-)-weg!<\/p>\n","protected":false},"excerpt":{"rendered":"<p>Seit 4. Juli absolviert AUST Phillip seinen Pr\u00e4senzdienst beim Bundesheer. Nach Ende der Grundausbildung \u00fcbersiedelte er nun f\u00fcr die n\u00e4chsten sechs Monate an den Judo Bundesst\u00fctzpunkt Linz &gt; Phillip hat &#8230;<\/p>\n","protected":false},"author":4,"featured_media":4099,"comment_status":"closed","ping_status":"closed","sticky":false,"template":"","format":"standard","meta":{"footnotes":""},"categories":[1],"tags":[],"class_list":["post-4098","post","type-post","status-publish","format-standard","has-post-thumbnail","hentry","category-allgemein"],"_links":{"self":[{"href":"https:\/\/judounion-klosterneuburg.at\/judo\/wp-json\/wp\/v2\/posts\/4098","targetHints":{"allow":["GET"]}}],"collection":[{"href":"https:\/\/judounion-klosterneuburg.at\/judo\/wp-json\/wp\/v2\/posts"}],"about":[{"href":"https:\/\/judounion-klosterneuburg.at\/judo\/wp-json\/wp\/v2\/types\/post"}],"author":[{"embeddable":true,"href":"https:\/\/judounion-klosterneuburg.at\/judo\/wp-json\/wp\/v2\/users\/4"}],"replies":[{"embeddable":true,"href":"https:\/\/judounion-klosterneuburg.at\/judo\/wp-json\/wp\/v2\/comments?post=4098"}],"version-history":[{"count":1,"href":"https:\/\/judounion-klosterneuburg.at\/judo\/wp-json\/wp\/v2\/posts\/4098\/revisions"}],"predecessor-version":[{"id":4100,"href":"https:\/\/judounion-klosterneuburg.at\/judo\/wp-json\/wp\/v2\/posts\/4098\/revisions\/4100"}],"wp:featuredmedia":[{"embeddable":true,"href":"https:\/\/judounion-klosterneuburg.at\/judo\/wp-json\/wp\/v2\/media\/4099"}],"wp:attachment":[{"href":"https:\/\/judounion-klosterneuburg.at\/judo\/wp-json\/wp\/v2\/media?parent=4098"}],"wp:term":[{"taxonomy":"category","embeddable":true,"href":"https:\/\/judounion-klosterneuburg.at\/judo\/wp-json\/wp\/v2\/categories?post=4098"},{"taxonomy":"post_tag","embeddable":true,"href":"https:\/\/judounion-klosterneuburg.at\/judo\/wp-json\/wp\/v2\/tags?post=4098"}],"curies":[{"name":"wp","href":"https:\/\/api.w.org\/{rel}","templated":true}]}}