{"id":4276,"date":"2023-01-21T12:39:50","date_gmt":"2023-01-21T11:39:50","guid":{"rendered":"https:\/\/judounion-klosterneuburg.at\/judo\/?p=4276"},"modified":"2023-01-21T12:39:53","modified_gmt":"2023-01-21T11:39:53","slug":"weisse-fahne-bei-unseren-allerkleinsten","status":"publish","type":"post","link":"https:\/\/judounion-klosterneuburg.at\/judo\/weisse-fahne-bei-unseren-allerkleinsten\/","title":{"rendered":"Wei\u00dfe Fahne bei unseren Allerkleinsten!"},"content":{"rendered":"\n<p>Wei\u00dfe Fahne bei unseren Allerkleinsten!<\/p>\n\n\n\n<p>Dienstag 17.1. hatte unsere Kindergarten-Vorschul-Pr\u00e4e Judogruppe ihre allererste G\u00fcrtelpr\u00fcfung!<\/p>\n\n\n\n<p>In unserer Pr\u00e4e Judogruppe wird neben den Judowerten gro\u00dfer Wert auf die allgemeine k\u00f6rperliche Ausbildung gelegt. Koordination, Gleichgewicht, Stabilisation immer in Spiel und Spa\u00df und auch mit kleinen Wettkampfspielen verpackt.<\/p>\n\n\n\n<p>So geh\u00f6rte neben Purzelbaum vorw\u00e4rts und r\u00fcckw\u00e4rts, springen auf einem Bein, Sackh\u00fcpfen, H\u00e4schenh\u00fcpfen, <a><\/a>Froschh\u00fcpfen usw. auch die ersten &#8222;Richtiges Fallen \u00dcbungen&#8220; uuuuund auch schon die erste Judotechnik zum Pr\u00fcfungsprogramm!<\/p>\n\n\n\n<p>Sensationell vorbereitet haben alle Kinder die Pr\u00fcfung bestanden und somit den allerersten Schritt zum schwarzen G\u00fcrtel gemacht!<\/p>\n\n\n\n<p>Gratulation und viel Spa\u00df mit euren neuen G\u00fcrtelfarben!<\/p>\n\n\n\n<p>ACHTUNG:<\/p>\n\n\n\n<p>Ab dem neuen Semester, ab Dienstag 14.2. beginnen wir wieder f\u00fcr alle 2017 + 2018 geborenen Kinder mit einem neuen Pr\u00e4e Judokurs!<\/p>\n\n\n\n<p>Immer Dienstag und\/oder Freitag von 16.00 bis 17.00 in der BH Leopoldsstr. 21 &gt; keine Anmeldung n\u00f6tig &gt; einfach mit Turnsachen zum mehrfachen kostenlosen Schnuppern kommen!<\/p>\n\n\n\n<p>Wie freuen uns schon!<\/p>\n\n\n\n<figure class=\"wp-block-image size-full\"><img loading=\"lazy\" decoding=\"async\" width=\"1024\" height=\"599\" src=\"https:\/\/judounion-klosterneuburg.at\/judo\/wp-content\/uploads\/2023\/01\/IMG-20230117-WA0001-1.jpg\" alt=\"\" class=\"wp-image-4278\" srcset=\"https:\/\/judounion-klosterneuburg.at\/judo\/wp-content\/uploads\/2023\/01\/IMG-20230117-WA0001-1.jpg 1024w, https:\/\/judounion-klosterneuburg.at\/judo\/wp-content\/uploads\/2023\/01\/IMG-20230117-WA0001-1-300x175.jpg 300w, https:\/\/judounion-klosterneuburg.at\/judo\/wp-content\/uploads\/2023\/01\/IMG-20230117-WA0001-1-768x449.jpg 768w\" sizes=\"auto, (max-width: 1024px) 100vw, 1024px\" \/><\/figure>\n","protected":false},"excerpt":{"rendered":"<p>Wei\u00dfe Fahne bei unseren Allerkleinsten! Dienstag 17.1. hatte unsere Kindergarten-Vorschul-Pr\u00e4e Judogruppe ihre allererste G\u00fcrtelpr\u00fcfung! In unserer Pr\u00e4e Judogruppe wird neben den Judowerten gro\u00dfer Wert auf die allgemeine k\u00f6rperliche Ausbildung gelegt. &#8230;<\/p>\n","protected":false},"author":4,"featured_media":4278,"comment_status":"closed","ping_status":"closed","sticky":false,"template":"","format":"standard","meta":{"footnotes":""},"categories":[1],"tags":[],"class_list":["post-4276","post","type-post","status-publish","format-standard","has-post-thumbnail","hentry","category-allgemein"],"_links":{"self":[{"href":"https:\/\/judounion-klosterneuburg.at\/judo\/wp-json\/wp\/v2\/posts\/4276","targetHints":{"allow":["GET"]}}],"collection":[{"href":"https:\/\/judounion-klosterneuburg.at\/judo\/wp-json\/wp\/v2\/posts"}],"about":[{"href":"https:\/\/judounion-klosterneuburg.at\/judo\/wp-json\/wp\/v2\/types\/post"}],"author":[{"embeddable":true,"href":"https:\/\/judounion-klosterneuburg.at\/judo\/wp-json\/wp\/v2\/users\/4"}],"replies":[{"embeddable":true,"href":"https:\/\/judounion-klosterneuburg.at\/judo\/wp-json\/wp\/v2\/comments?post=4276"}],"version-history":[{"count":1,"href":"https:\/\/judounion-klosterneuburg.at\/judo\/wp-json\/wp\/v2\/posts\/4276\/revisions"}],"predecessor-version":[{"id":4279,"href":"https:\/\/judounion-klosterneuburg.at\/judo\/wp-json\/wp\/v2\/posts\/4276\/revisions\/4279"}],"wp:featuredmedia":[{"embeddable":true,"href":"https:\/\/judounion-klosterneuburg.at\/judo\/wp-json\/wp\/v2\/media\/4278"}],"wp:attachment":[{"href":"https:\/\/judounion-klosterneuburg.at\/judo\/wp-json\/wp\/v2\/media?parent=4276"}],"wp:term":[{"taxonomy":"category","embeddable":true,"href":"https:\/\/judounion-klosterneuburg.at\/judo\/wp-json\/wp\/v2\/categories?post=4276"},{"taxonomy":"post_tag","embeddable":true,"href":"https:\/\/judounion-klosterneuburg.at\/judo\/wp-json\/wp\/v2\/tags?post=4276"}],"curies":[{"name":"wp","href":"https:\/\/api.w.org\/{rel}","templated":true}]}}