{"id":4465,"date":"2023-06-21T21:07:24","date_gmt":"2023-06-21T19:07:24","guid":{"rendered":"https:\/\/judounion-klosterneuburg.at\/judo\/?p=4465"},"modified":"2023-06-21T21:07:26","modified_gmt":"2023-06-21T19:07:26","slug":"hallo-meister-stefan","status":"publish","type":"post","link":"https:\/\/judounion-klosterneuburg.at\/judo\/hallo-meister-stefan\/","title":{"rendered":"Hallo Meister Stefan!"},"content":{"rendered":"\n<p>Letztes Wochenende fanden in Wien &#8222;Dan Pr\u00fcfungen&#8220; statt.<\/p>\n\n\n\n<p>1.Dan = Shodan = 1. Meistergrad &gt; schwarzer G\u00fcrtel!<\/p>\n\n\n\n<p>Bis zu diesem Zeitpunkt tr\u00e4gt der\/die Judoka f\u00e4rbige G\u00fcrtel Kyu oder auch Sch\u00fclergrade genannt.<\/p>\n\n\n\n<p>Das Durchhalten lohnt sich!!!<\/p>\n\n\n\n<p><a><\/a>Unser lieber Stefan Fr\u00f6tscher, der leider sein Antreten zu dieser Pr\u00fcfung schon einmal verletzungsbedingt verschieben musste, dann von Corona wieder verschoben, hatte es diesesmal fest im Griff.<\/p>\n\n\n\n<p>Sehr gut mit seinem Freund und Pr\u00fcfungspartner (Uke), Konstantin Hatvan auf diesem Tag vorbereitet haben die beiden nichts dem Zufall \u00fcberlassen.<\/p>\n\n\n\n<p>Stefan hat die Pr\u00fcfung geschafft und darf ab sofort den schwarzen G\u00fcrtel tragen = ein Judo Meistergrad mehr in Klosterneuburg!<\/p>\n\n\n\n<p>Gratulation Stefan > Danke f\u00fcr deine Freundschaft Konstantin<\/p>\n\n\n\n<figure class=\"wp-block-image size-large\"><img loading=\"lazy\" decoding=\"async\" width=\"663\" height=\"1024\" src=\"https:\/\/judounion-klosterneuburg.at\/judo\/wp-content\/uploads\/2023\/06\/Stefan1.Dan_-663x1024.jpg\" alt=\"\" class=\"wp-image-4466\" srcset=\"https:\/\/judounion-klosterneuburg.at\/judo\/wp-content\/uploads\/2023\/06\/Stefan1.Dan_-663x1024.jpg 663w, https:\/\/judounion-klosterneuburg.at\/judo\/wp-content\/uploads\/2023\/06\/Stefan1.Dan_-194x300.jpg 194w, https:\/\/judounion-klosterneuburg.at\/judo\/wp-content\/uploads\/2023\/06\/Stefan1.Dan_-768x1185.jpg 768w, https:\/\/judounion-klosterneuburg.at\/judo\/wp-content\/uploads\/2023\/06\/Stefan1.Dan_.jpg 837w\" sizes=\"auto, (max-width: 663px) 100vw, 663px\" \/><\/figure>\n","protected":false},"excerpt":{"rendered":"<p>Letztes Wochenende fanden in Wien &#8222;Dan Pr\u00fcfungen&#8220; statt. 1.Dan = Shodan = 1. Meistergrad &gt; schwarzer G\u00fcrtel! Bis zu diesem Zeitpunkt tr\u00e4gt der\/die Judoka f\u00e4rbige G\u00fcrtel Kyu oder auch Sch\u00fclergrade &#8230;<\/p>\n","protected":false},"author":4,"featured_media":4467,"comment_status":"closed","ping_status":"closed","sticky":false,"template":"","format":"standard","meta":{"footnotes":""},"categories":[1],"tags":[],"class_list":["post-4465","post","type-post","status-publish","format-standard","has-post-thumbnail","hentry","category-allgemein"],"_links":{"self":[{"href":"https:\/\/judounion-klosterneuburg.at\/judo\/wp-json\/wp\/v2\/posts\/4465","targetHints":{"allow":["GET"]}}],"collection":[{"href":"https:\/\/judounion-klosterneuburg.at\/judo\/wp-json\/wp\/v2\/posts"}],"about":[{"href":"https:\/\/judounion-klosterneuburg.at\/judo\/wp-json\/wp\/v2\/types\/post"}],"author":[{"embeddable":true,"href":"https:\/\/judounion-klosterneuburg.at\/judo\/wp-json\/wp\/v2\/users\/4"}],"replies":[{"embeddable":true,"href":"https:\/\/judounion-klosterneuburg.at\/judo\/wp-json\/wp\/v2\/comments?post=4465"}],"version-history":[{"count":1,"href":"https:\/\/judounion-klosterneuburg.at\/judo\/wp-json\/wp\/v2\/posts\/4465\/revisions"}],"predecessor-version":[{"id":4468,"href":"https:\/\/judounion-klosterneuburg.at\/judo\/wp-json\/wp\/v2\/posts\/4465\/revisions\/4468"}],"wp:featuredmedia":[{"embeddable":true,"href":"https:\/\/judounion-klosterneuburg.at\/judo\/wp-json\/wp\/v2\/media\/4467"}],"wp:attachment":[{"href":"https:\/\/judounion-klosterneuburg.at\/judo\/wp-json\/wp\/v2\/media?parent=4465"}],"wp:term":[{"taxonomy":"category","embeddable":true,"href":"https:\/\/judounion-klosterneuburg.at\/judo\/wp-json\/wp\/v2\/categories?post=4465"},{"taxonomy":"post_tag","embeddable":true,"href":"https:\/\/judounion-klosterneuburg.at\/judo\/wp-json\/wp\/v2\/tags?post=4465"}],"curies":[{"name":"wp","href":"https:\/\/api.w.org\/{rel}","templated":true}]}}