{"id":4553,"date":"2023-10-21T20:11:39","date_gmt":"2023-10-21T18:11:39","guid":{"rendered":"https:\/\/judounion-klosterneuburg.at\/judo\/?p=4553"},"modified":"2023-10-21T20:11:40","modified_gmt":"2023-10-21T18:11:40","slug":"vienna-open-austrian-cup","status":"publish","type":"post","link":"https:\/\/judounion-klosterneuburg.at\/judo\/vienna-open-austrian-cup\/","title":{"rendered":"Vienna Open \/Austrian Cup"},"content":{"rendered":"\n<p>10 KlosterneuburgerInnen nahmen am Vienna Open 2023 teil. &gt;<\/p>\n\n\n\n<p>Wir starteten nur in den Altersklassen u12 und U14, plus einzig Niklas G\u00fcm\u00fcskaya im Rahmen der S\u00fcdstadt als U16!<\/p>\n\n\n\n<p>Ergebnis: &#8222;Die H\u00e4lfte in Gold und eine Bronze!&#8220;<\/p>\n\n\n\n<p><a><\/a>Gold:<\/p>\n\n\n\n<p>ESCALENTE Noemi (U12)<\/p>\n\n\n\n<p>ECKL TAMIA (U14)<\/p>\n\n\n\n<p>VON LUTZ Sophia (U14)<\/p>\n\n\n\n<p>SCHUSTER Christoph (U14)<\/p>\n\n\n\n<p>G\u00dcM\u00dcSKAYA Niklas (U16)<\/p>\n\n\n\n<p>Bronze:<\/p>\n\n\n\n<p>JAREC Wenzel (U14)<\/p>\n\n\n\n<p>Respekt und Danke an Alle, die es geschafft haben mit mir diesen endlos langen Tag durchzuhalten!<\/p>\n\n\n\n<figure class=\"wp-block-gallery has-nested-images columns-default is-cropped wp-block-gallery-1 is-layout-flex wp-block-gallery-is-layout-flex\">\n<figure class=\"wp-block-image size-large\"><img loading=\"lazy\" decoding=\"async\" width=\"858\" height=\"1024\" data-id=\"4554\" src=\"https:\/\/judounion-klosterneuburg.at\/judo\/wp-content\/uploads\/2023\/10\/IMG_20230923_1339362-858x1024.jpg\" alt=\"\" class=\"wp-image-4554\" srcset=\"https:\/\/judounion-klosterneuburg.at\/judo\/wp-content\/uploads\/2023\/10\/IMG_20230923_1339362-858x1024.jpg 858w, https:\/\/judounion-klosterneuburg.at\/judo\/wp-content\/uploads\/2023\/10\/IMG_20230923_1339362-251x300.jpg 251w, https:\/\/judounion-klosterneuburg.at\/judo\/wp-content\/uploads\/2023\/10\/IMG_20230923_1339362-768x917.jpg 768w, https:\/\/judounion-klosterneuburg.at\/judo\/wp-content\/uploads\/2023\/10\/IMG_20230923_1339362-1286x1536.jpg 1286w, https:\/\/judounion-klosterneuburg.at\/judo\/wp-content\/uploads\/2023\/10\/IMG_20230923_1339362-1715x2048.jpg 1715w\" sizes=\"auto, (max-width: 858px) 100vw, 858px\" \/><\/figure>\n\n\n\n<figure class=\"wp-block-image size-large\"><img loading=\"lazy\" decoding=\"async\" width=\"665\" height=\"1024\" data-id=\"4555\" src=\"https:\/\/judounion-klosterneuburg.at\/judo\/wp-content\/uploads\/2023\/10\/IMG_20230923_1745411-665x1024.jpg\" alt=\"\" class=\"wp-image-4555\" srcset=\"https:\/\/judounion-klosterneuburg.at\/judo\/wp-content\/uploads\/2023\/10\/IMG_20230923_1745411-665x1024.jpg 665w, https:\/\/judounion-klosterneuburg.at\/judo\/wp-content\/uploads\/2023\/10\/IMG_20230923_1745411-195x300.jpg 195w, https:\/\/judounion-klosterneuburg.at\/judo\/wp-content\/uploads\/2023\/10\/IMG_20230923_1745411-768x1183.jpg 768w, https:\/\/judounion-klosterneuburg.at\/judo\/wp-content\/uploads\/2023\/10\/IMG_20230923_1745411-997x1536.jpg 997w, https:\/\/judounion-klosterneuburg.at\/judo\/wp-content\/uploads\/2023\/10\/IMG_20230923_1745411-1329x2048.jpg 1329w, https:\/\/judounion-klosterneuburg.at\/judo\/wp-content\/uploads\/2023\/10\/IMG_20230923_1745411-scaled.jpg 1662w\" sizes=\"auto, (max-width: 665px) 100vw, 665px\" \/><\/figure>\n<\/figure>\n","protected":false},"excerpt":{"rendered":"<p>10 KlosterneuburgerInnen nahmen am Vienna Open 2023 teil. &gt; Wir starteten nur in den Altersklassen u12 und U14, plus einzig Niklas G\u00fcm\u00fcskaya im Rahmen der S\u00fcdstadt als U16! Ergebnis: &#8222;Die &#8230;<\/p>\n","protected":false},"author":4,"featured_media":0,"comment_status":"closed","ping_status":"closed","sticky":false,"template":"","format":"standard","meta":{"footnotes":""},"categories":[1],"tags":[],"class_list":["post-4553","post","type-post","status-publish","format-standard","hentry","category-allgemein"],"_links":{"self":[{"href":"https:\/\/judounion-klosterneuburg.at\/judo\/wp-json\/wp\/v2\/posts\/4553","targetHints":{"allow":["GET"]}}],"collection":[{"href":"https:\/\/judounion-klosterneuburg.at\/judo\/wp-json\/wp\/v2\/posts"}],"about":[{"href":"https:\/\/judounion-klosterneuburg.at\/judo\/wp-json\/wp\/v2\/types\/post"}],"author":[{"embeddable":true,"href":"https:\/\/judounion-klosterneuburg.at\/judo\/wp-json\/wp\/v2\/users\/4"}],"replies":[{"embeddable":true,"href":"https:\/\/judounion-klosterneuburg.at\/judo\/wp-json\/wp\/v2\/comments?post=4553"}],"version-history":[{"count":1,"href":"https:\/\/judounion-klosterneuburg.at\/judo\/wp-json\/wp\/v2\/posts\/4553\/revisions"}],"predecessor-version":[{"id":4556,"href":"https:\/\/judounion-klosterneuburg.at\/judo\/wp-json\/wp\/v2\/posts\/4553\/revisions\/4556"}],"wp:attachment":[{"href":"https:\/\/judounion-klosterneuburg.at\/judo\/wp-json\/wp\/v2\/media?parent=4553"}],"wp:term":[{"taxonomy":"category","embeddable":true,"href":"https:\/\/judounion-klosterneuburg.at\/judo\/wp-json\/wp\/v2\/categories?post=4553"},{"taxonomy":"post_tag","embeddable":true,"href":"https:\/\/judounion-klosterneuburg.at\/judo\/wp-json\/wp\/v2\/tags?post=4553"}],"curies":[{"name":"wp","href":"https:\/\/api.w.org\/{rel}","templated":true}]}}