{"id":4598,"date":"2023-10-31T19:35:55","date_gmt":"2023-10-31T18:35:55","guid":{"rendered":"https:\/\/judounion-klosterneuburg.at\/judo\/?p=4598"},"modified":"2023-10-31T19:35:56","modified_gmt":"2023-10-31T18:35:56","slug":"herbstferien-judocamp","status":"publish","type":"post","link":"https:\/\/judounion-klosterneuburg.at\/judo\/herbstferien-judocamp\/","title":{"rendered":"Herbstferien Judocamp!"},"content":{"rendered":"\n<p>Obwohl gef\u00fchlt die H\u00e4lfte der Klosterneuburger Bev\u00f6lkerung im Auslandsurlaud ist, und die andere H\u00e4lfte krank im Bett, haben wir trotzdem wieder eine kleine aber feine Truppe f\u00fcr unser Herbstferiencamp zusammen gebracht!<\/p>\n\n\n\n<p>Wie immer Spiel, Spa\u00df und 2x am Tag Judo bringen Unterhaltung und gro\u00dfe technische Fortschritte!<\/p>\n\n\n\n<p>Danke Theresa und Max f\u00fcr euer Angebot und in Folge tatkr\u00e4ftige Unterst\u00fctzung bei der Durchf\u00fchrung!<\/p>\n\n\n\n<figure class=\"wp-block-image size-large is-resized\"><img loading=\"lazy\" decoding=\"async\" width=\"1024\" height=\"768\" src=\"https:\/\/judounion-klosterneuburg.at\/judo\/wp-content\/uploads\/2023\/10\/Herbstferien-1024x768.jpg\" alt=\"\" class=\"wp-image-4599\" style=\"aspect-ratio:1.3333333333333333;width:841px;height:auto\" srcset=\"https:\/\/judounion-klosterneuburg.at\/judo\/wp-content\/uploads\/2023\/10\/Herbstferien-1024x768.jpg 1024w, https:\/\/judounion-klosterneuburg.at\/judo\/wp-content\/uploads\/2023\/10\/Herbstferien-300x225.jpg 300w, https:\/\/judounion-klosterneuburg.at\/judo\/wp-content\/uploads\/2023\/10\/Herbstferien-768x576.jpg 768w, https:\/\/judounion-klosterneuburg.at\/judo\/wp-content\/uploads\/2023\/10\/Herbstferien-1536x1152.jpg 1536w, https:\/\/judounion-klosterneuburg.at\/judo\/wp-content\/uploads\/2023\/10\/Herbstferien-268x201.jpg 268w, https:\/\/judounion-klosterneuburg.at\/judo\/wp-content\/uploads\/2023\/10\/Herbstferien.jpg 2000w\" sizes=\"auto, (max-width: 1024px) 100vw, 1024px\" \/><\/figure>\n","protected":false},"excerpt":{"rendered":"<p>Obwohl gef\u00fchlt die H\u00e4lfte der Klosterneuburger Bev\u00f6lkerung im Auslandsurlaud ist, und die andere H\u00e4lfte krank im Bett, haben wir trotzdem wieder eine kleine aber feine Truppe f\u00fcr unser Herbstferiencamp zusammen &#8230;<\/p>\n","protected":false},"author":4,"featured_media":4599,"comment_status":"closed","ping_status":"closed","sticky":false,"template":"","format":"standard","meta":{"footnotes":""},"categories":[1],"tags":[],"class_list":["post-4598","post","type-post","status-publish","format-standard","has-post-thumbnail","hentry","category-allgemein"],"_links":{"self":[{"href":"https:\/\/judounion-klosterneuburg.at\/judo\/wp-json\/wp\/v2\/posts\/4598","targetHints":{"allow":["GET"]}}],"collection":[{"href":"https:\/\/judounion-klosterneuburg.at\/judo\/wp-json\/wp\/v2\/posts"}],"about":[{"href":"https:\/\/judounion-klosterneuburg.at\/judo\/wp-json\/wp\/v2\/types\/post"}],"author":[{"embeddable":true,"href":"https:\/\/judounion-klosterneuburg.at\/judo\/wp-json\/wp\/v2\/users\/4"}],"replies":[{"embeddable":true,"href":"https:\/\/judounion-klosterneuburg.at\/judo\/wp-json\/wp\/v2\/comments?post=4598"}],"version-history":[{"count":1,"href":"https:\/\/judounion-klosterneuburg.at\/judo\/wp-json\/wp\/v2\/posts\/4598\/revisions"}],"predecessor-version":[{"id":4600,"href":"https:\/\/judounion-klosterneuburg.at\/judo\/wp-json\/wp\/v2\/posts\/4598\/revisions\/4600"}],"wp:featuredmedia":[{"embeddable":true,"href":"https:\/\/judounion-klosterneuburg.at\/judo\/wp-json\/wp\/v2\/media\/4599"}],"wp:attachment":[{"href":"https:\/\/judounion-klosterneuburg.at\/judo\/wp-json\/wp\/v2\/media?parent=4598"}],"wp:term":[{"taxonomy":"category","embeddable":true,"href":"https:\/\/judounion-klosterneuburg.at\/judo\/wp-json\/wp\/v2\/categories?post=4598"},{"taxonomy":"post_tag","embeddable":true,"href":"https:\/\/judounion-klosterneuburg.at\/judo\/wp-json\/wp\/v2\/tags?post=4598"}],"curies":[{"name":"wp","href":"https:\/\/api.w.org\/{rel}","templated":true}]}}