{"id":4776,"date":"2023-12-08T08:33:41","date_gmt":"2023-12-08T07:33:41","guid":{"rendered":"https:\/\/judounion-klosterneuburg.at\/judo\/?p=4776"},"modified":"2023-12-08T08:33:41","modified_gmt":"2023-12-08T07:33:41","slug":"jahresabschluss-bei-der-judo-union-klosterneuburg","status":"publish","type":"post","link":"https:\/\/judounion-klosterneuburg.at\/judo\/jahresabschluss-bei-der-judo-union-klosterneuburg\/","title":{"rendered":"Jahresabschluss bei der Judo Union Klosterneuburg!"},"content":{"rendered":"\n<p>In der netten Umgebung des Pfalzhofs am Stadtplatz in Klosterneuburg, feierten wir gemeinsam mit Eltern, Freunden und Sponsoren am Abend des 7.12. einen gem\u00fctlichen Jahresausklang mit Punsch, Wildgulasch, Waffeln und Maroni.<\/p>\n\n\n\n<p>Zu Besuch kamen auch Sport STR Kaufmann (Foto) und Vize Bgm Hoheneder!<\/p>\n\n\n\n<p>Wie auch schon im Vorjahr sorgte zu der perfekten Abrundung der vorweihnachtlichen Stimmung die Live Musik von <a href=\"https:\/\/l.facebook.com\/l.php?u=https%3A%2F%2Fwww.ilonajambor.at%2F%3Ffbclid%3DIwAR27Lpj0fk1CkyKWb3MObo5zxkQl4AA6aj518PFk2e52O7lsIPbkXcaZ7TQ&amp;h=AT29dEwToDNjO1N_9MGgiUAxV3dOQDD5TMldSYhGO_Hns1coAnMaDI6ArPdxD_R75LXD7T6xt8LEQKjdz7sSHDNLOy-3ynugsfuMB-L8J1H1ecCgTaFUiU1VJOiNj17DmJP5&amp;__tn__=-UK-R&amp;c[0]=AT3xhJBrIzp-2SMRJRXLouVngV8l-KQK-yOnRdrulF4vEZMg684pixYmvHBVgEFKI6Za2r0g8KAxfODdXkEq6eK28KY0VnamkKEYw2EFBzmJeNiQiFmnVV-YqWHy3pw1cbOunAQHyAhDmee2f31g8XXKZ0FwNQ\" rel=\"noreferrer noopener\" target=\"_blank\">https:\/\/www.ilonajambor.at\/<\/a> &gt;&gt; Danke Illy f\u00fcr diese sensationellen Momente (siehe Fotos) diese Momente wenn die Kinder spontan auf die B\u00fchne gehen und ohne Aufforderung gemeinsam mit dir singen sind unbezahlbar.<\/p>\n\n\n\n<p>&gt;&gt; Die Trainer Norbert Haimberger, Sven Maresch, Katja Gadermaier, Gabor Geier und der liebe Robert hatten in Wochenlager Vorbereitung ein Musikst\u00fcck f\u00fcr diesen Abend vorbereitet <img loading=\"lazy\" decoding=\"async\" height=\"16\" width=\"16\" alt=\"\ud83d\ude09\" src=\"https:\/\/static.xx.fbcdn.net\/images\/emoji.php\/v9\/tb0\/1.5\/16\/1f609.png\"> und fast fehlerfrei vorgetragen (Foto).<\/p>\n\n\n\n<p>Danke Wolfgang Schuster <a href=\"https:\/\/schuster2-consulting.at\/?fbclid=IwAR0lA1W39eepFDu5elJFXRSXuXtQYtcIPOQmjJAsUSLAekurGSTmI-UnaeU\" rel=\"noreferrer noopener\" target=\"_blank\">https:\/\/schuster2-consulting.at\/<\/a> f\u00fcr die extrem gro\u00dfz\u00fcgige Unterst\u00fctzung der Lokalit\u00e4t und der Getr\u00e4nke!<\/p>\n\n\n\n<p>Danke Allen die Mitgeholfen haben, diesen sch\u00f6nen Abend zu gestalten und durchzuf\u00fchren.<\/p>\n\n\n\n<p>Danke Andreas und Christian f\u00fcr die Fotos <a href=\"https:\/\/adobe.ly\/3ThC1P4?fbclid=IwAR07_Cq0JveC7KvtaNogZ2A01A5cbrhrEAswrsB9U81sMNjvsXW81FXmi1M\" target=\"_blank\" rel=\"noreferrer noopener\">https:\/\/adobe.ly\/3ThC1P4<\/a><\/p>\n\n\n\n<figure class=\"wp-block-gallery has-nested-images columns-default is-cropped wp-block-gallery-1 is-layout-flex wp-block-gallery-is-layout-flex\">\n<figure class=\"wp-block-image size-large\"><img loading=\"lazy\" decoding=\"async\" width=\"1024\" height=\"1024\" data-id=\"4777\" src=\"https:\/\/judounion-klosterneuburg.at\/judo\/wp-content\/uploads\/2023\/12\/WhatsApp-Bild-2023-12-07-um-22.06.15_abb9b461-1024x1024.jpg\" alt=\"\" class=\"wp-image-4777\" srcset=\"https:\/\/judounion-klosterneuburg.at\/judo\/wp-content\/uploads\/2023\/12\/WhatsApp-Bild-2023-12-07-um-22.06.15_abb9b461-1024x1024.jpg 1024w, https:\/\/judounion-klosterneuburg.at\/judo\/wp-content\/uploads\/2023\/12\/WhatsApp-Bild-2023-12-07-um-22.06.15_abb9b461-300x300.jpg 300w, https:\/\/judounion-klosterneuburg.at\/judo\/wp-content\/uploads\/2023\/12\/WhatsApp-Bild-2023-12-07-um-22.06.15_abb9b461-150x150.jpg 150w, https:\/\/judounion-klosterneuburg.at\/judo\/wp-content\/uploads\/2023\/12\/WhatsApp-Bild-2023-12-07-um-22.06.15_abb9b461-768x768.jpg 768w, https:\/\/judounion-klosterneuburg.at\/judo\/wp-content\/uploads\/2023\/12\/WhatsApp-Bild-2023-12-07-um-22.06.15_abb9b461-1536x1536.jpg 1536w, https:\/\/judounion-klosterneuburg.at\/judo\/wp-content\/uploads\/2023\/12\/WhatsApp-Bild-2023-12-07-um-22.06.15_abb9b461.jpg 2048w\" sizes=\"auto, (max-width: 1024px) 100vw, 1024px\" \/><\/figure>\n\n\n\n<figure class=\"wp-block-image size-large\"><img loading=\"lazy\" decoding=\"async\" width=\"1024\" height=\"683\" data-id=\"4778\" src=\"https:\/\/judounion-klosterneuburg.at\/judo\/wp-content\/uploads\/2023\/12\/WhatsApp-Bild-2023-12-07-um-22.06.15_5c6518f9-1024x683.jpg\" alt=\"\" class=\"wp-image-4778\" srcset=\"https:\/\/judounion-klosterneuburg.at\/judo\/wp-content\/uploads\/2023\/12\/WhatsApp-Bild-2023-12-07-um-22.06.15_5c6518f9-1024x683.jpg 1024w, https:\/\/judounion-klosterneuburg.at\/judo\/wp-content\/uploads\/2023\/12\/WhatsApp-Bild-2023-12-07-um-22.06.15_5c6518f9-300x200.jpg 300w, https:\/\/judounion-klosterneuburg.at\/judo\/wp-content\/uploads\/2023\/12\/WhatsApp-Bild-2023-12-07-um-22.06.15_5c6518f9-768x512.jpg 768w, https:\/\/judounion-klosterneuburg.at\/judo\/wp-content\/uploads\/2023\/12\/WhatsApp-Bild-2023-12-07-um-22.06.15_5c6518f9-1536x1024.jpg 1536w, https:\/\/judounion-klosterneuburg.at\/judo\/wp-content\/uploads\/2023\/12\/WhatsApp-Bild-2023-12-07-um-22.06.15_5c6518f9.jpg 2048w\" sizes=\"auto, (max-width: 1024px) 100vw, 1024px\" \/><\/figure>\n<\/figure>\n\n\n\n<figure class=\"wp-block-image size-large\"><img loading=\"lazy\" decoding=\"async\" width=\"1024\" height=\"683\" src=\"https:\/\/judounion-klosterneuburg.at\/judo\/wp-content\/uploads\/2023\/12\/WhatsApp-Bild-2023-12-07-um-22.06.15_4f746631-1024x683.jpg\" alt=\"\" class=\"wp-image-4779\" srcset=\"https:\/\/judounion-klosterneuburg.at\/judo\/wp-content\/uploads\/2023\/12\/WhatsApp-Bild-2023-12-07-um-22.06.15_4f746631-1024x683.jpg 1024w, https:\/\/judounion-klosterneuburg.at\/judo\/wp-content\/uploads\/2023\/12\/WhatsApp-Bild-2023-12-07-um-22.06.15_4f746631-300x200.jpg 300w, https:\/\/judounion-klosterneuburg.at\/judo\/wp-content\/uploads\/2023\/12\/WhatsApp-Bild-2023-12-07-um-22.06.15_4f746631-768x512.jpg 768w, https:\/\/judounion-klosterneuburg.at\/judo\/wp-content\/uploads\/2023\/12\/WhatsApp-Bild-2023-12-07-um-22.06.15_4f746631-1536x1024.jpg 1536w, https:\/\/judounion-klosterneuburg.at\/judo\/wp-content\/uploads\/2023\/12\/WhatsApp-Bild-2023-12-07-um-22.06.15_4f746631.jpg 2048w\" sizes=\"auto, (max-width: 1024px) 100vw, 1024px\" \/><\/figure>\n","protected":false},"excerpt":{"rendered":"<p>In der netten Umgebung des Pfalzhofs am Stadtplatz in Klosterneuburg, feierten wir gemeinsam mit Eltern, Freunden und Sponsoren am Abend des 7.12. einen gem\u00fctlichen Jahresausklang mit Punsch, Wildgulasch, Waffeln und &#8230;<\/p>\n","protected":false},"author":4,"featured_media":4777,"comment_status":"closed","ping_status":"closed","sticky":false,"template":"","format":"standard","meta":{"footnotes":""},"categories":[1],"tags":[],"class_list":["post-4776","post","type-post","status-publish","format-standard","has-post-thumbnail","hentry","category-allgemein"],"_links":{"self":[{"href":"https:\/\/judounion-klosterneuburg.at\/judo\/wp-json\/wp\/v2\/posts\/4776","targetHints":{"allow":["GET"]}}],"collection":[{"href":"https:\/\/judounion-klosterneuburg.at\/judo\/wp-json\/wp\/v2\/posts"}],"about":[{"href":"https:\/\/judounion-klosterneuburg.at\/judo\/wp-json\/wp\/v2\/types\/post"}],"author":[{"embeddable":true,"href":"https:\/\/judounion-klosterneuburg.at\/judo\/wp-json\/wp\/v2\/users\/4"}],"replies":[{"embeddable":true,"href":"https:\/\/judounion-klosterneuburg.at\/judo\/wp-json\/wp\/v2\/comments?post=4776"}],"version-history":[{"count":1,"href":"https:\/\/judounion-klosterneuburg.at\/judo\/wp-json\/wp\/v2\/posts\/4776\/revisions"}],"predecessor-version":[{"id":4780,"href":"https:\/\/judounion-klosterneuburg.at\/judo\/wp-json\/wp\/v2\/posts\/4776\/revisions\/4780"}],"wp:featuredmedia":[{"embeddable":true,"href":"https:\/\/judounion-klosterneuburg.at\/judo\/wp-json\/wp\/v2\/media\/4777"}],"wp:attachment":[{"href":"https:\/\/judounion-klosterneuburg.at\/judo\/wp-json\/wp\/v2\/media?parent=4776"}],"wp:term":[{"taxonomy":"category","embeddable":true,"href":"https:\/\/judounion-klosterneuburg.at\/judo\/wp-json\/wp\/v2\/categories?post=4776"},{"taxonomy":"post_tag","embeddable":true,"href":"https:\/\/judounion-klosterneuburg.at\/judo\/wp-json\/wp\/v2\/tags?post=4776"}],"curies":[{"name":"wp","href":"https:\/\/api.w.org\/{rel}","templated":true}]}}