{"id":4895,"date":"2024-02-19T09:51:33","date_gmt":"2024-02-19T08:51:33","guid":{"rendered":"https:\/\/judounion-klosterneuburg.at\/judo\/?p=4895"},"modified":"2024-02-24T20:50:02","modified_gmt":"2024-02-24T19:50:02","slug":"gustanj-open-slo-2","status":"publish","type":"post","link":"https:\/\/judounion-klosterneuburg.at\/judo\/gustanj-open-slo-2\/","title":{"rendered":"Gustanj Open\/SLO"},"content":{"rendered":"\n<p>16. &#8211; 18.02. stand unser traditioneller Besuch in Slowenien am Turnierplan. 12 Klosterneuburger Jungjudoka besuchten, das Internationale U12\/U14 Turnier, nicht weit nach der \u00f6sterreichischen Grenze. Wir sind stolz bei diesem stark besetzten, topp organisiertem Turnier, mit sehr guten Leistungen unserer Klosterneuburger Starter und Starterinnen 2x Gold, 2x Silber und 2x Bronze erk\u00e4mpfen zu k\u00f6nnen.<\/p>\n\n\n\n<p>Gold f\u00fcr:<br>Scherzer Maximilian<br>Pfaffenwimmer Moritz<\/p>\n\n\n\n<p>Silber f\u00fcr:<br>Drusowitsch Fred<br>Meier Manuel<\/p>\n\n\n\n<p>Bronze f\u00fcr:<br>Eckl Tamia<br>Redl Dominik<\/p>\n\n\n\n<p>Einziger Wermutstropfen &gt; drei &#8222;big Points&#8220; sind leider nicht aufgegangen, sonst h\u00e4tten wir dreimal mehr Gold nach Hause geholt &gt; bei keinen der drei K\u00e4mpfe hat es an Qualit\u00e4t unser Sportler gefehlt &gt; einzig ein wenig Gl\u00fcck &gt; geh\u00f6rt leider auch dazu <img loading=\"lazy\" decoding=\"async\" height=\"16\" width=\"16\" alt=\"\ud83d\ude42\" src=\"https:\/\/static.xx.fbcdn.net\/images\/emoji.php\/v9\/ta5\/1.5\/16\/1f642.png\"><\/p>\n\n\n\n<p>Nach dem Turnier ein Besuch im Hallenbad, am Abend Activity spielen, und am Sonntag Vormittag noch eine Randorieinheit (Anm: \u00dcbungsk\u00e4mpfe) bevor wir wieder nach Hause aufgebrochen sind!<\/p>\n\n\n\n<p>Danke an die Eltern die uns unterst\u00fctzend begleitet haben!<\/p>\n\n\n\n<p>Danke Bernhard f\u00fcr die Fotos:<\/p>\n\n\n\n<p><a href=\"https:\/\/photos.app.goo.gl\/g2tWadiSJ6re6Hr29\">https:\/\/photos.app.goo.gl\/g2tWadiSJ6re6Hr29<\/a><\/p>\n\n\n\n<figure class=\"wp-block-gallery has-nested-images columns-default is-cropped wp-block-gallery-1 is-layout-flex wp-block-gallery-is-layout-flex\">\n<figure class=\"wp-block-image size-large\"><img loading=\"lazy\" decoding=\"async\" width=\"1024\" height=\"727\" data-id=\"4897\" src=\"https:\/\/judounion-klosterneuburg.at\/judo\/wp-content\/uploads\/2024\/02\/Gustanj11-1024x727.jpg\" alt=\"\" class=\"wp-image-4897\" srcset=\"https:\/\/judounion-klosterneuburg.at\/judo\/wp-content\/uploads\/2024\/02\/Gustanj11-1024x727.jpg 1024w, https:\/\/judounion-klosterneuburg.at\/judo\/wp-content\/uploads\/2024\/02\/Gustanj11-300x213.jpg 300w, https:\/\/judounion-klosterneuburg.at\/judo\/wp-content\/uploads\/2024\/02\/Gustanj11-768x545.jpg 768w, https:\/\/judounion-klosterneuburg.at\/judo\/wp-content\/uploads\/2024\/02\/Gustanj11-1536x1090.jpg 1536w, https:\/\/judounion-klosterneuburg.at\/judo\/wp-content\/uploads\/2024\/02\/Gustanj11-2048x1453.jpg 2048w\" sizes=\"auto, (max-width: 1024px) 100vw, 1024px\" \/><figcaption class=\"wp-element-caption\">Judoturnier Slowenien Gustanj 2024\n17.02.2024, mit Trainingstag 18.02.\n2390 Ravne na Koro\u0161kem, SLO<\/figcaption><\/figure>\n\n\n\n<figure class=\"wp-block-image size-large\"><img loading=\"lazy\" decoding=\"async\" width=\"1024\" height=\"685\" data-id=\"4896\" src=\"https:\/\/judounion-klosterneuburg.at\/judo\/wp-content\/uploads\/2024\/02\/Gustanj1-1024x685.jpg\" alt=\"\" class=\"wp-image-4896\" srcset=\"https:\/\/judounion-klosterneuburg.at\/judo\/wp-content\/uploads\/2024\/02\/Gustanj1-1024x685.jpg 1024w, https:\/\/judounion-klosterneuburg.at\/judo\/wp-content\/uploads\/2024\/02\/Gustanj1-300x201.jpg 300w, https:\/\/judounion-klosterneuburg.at\/judo\/wp-content\/uploads\/2024\/02\/Gustanj1-768x514.jpg 768w, https:\/\/judounion-klosterneuburg.at\/judo\/wp-content\/uploads\/2024\/02\/Gustanj1-1536x1027.jpg 1536w, https:\/\/judounion-klosterneuburg.at\/judo\/wp-content\/uploads\/2024\/02\/Gustanj1.jpg 1600w\" sizes=\"auto, (max-width: 1024px) 100vw, 1024px\" \/><\/figure>\n<\/figure>\n","protected":false},"excerpt":{"rendered":"<p>16. &#8211; 18.02. stand unser traditioneller Besuch in Slowenien am Turnierplan. 12 Klosterneuburger Jungjudoka besuchten, das Internationale U12\/U14 Turnier, nicht weit nach der \u00f6sterreichischen Grenze. Wir sind stolz bei diesem &#8230;<\/p>\n","protected":false},"author":4,"featured_media":4897,"comment_status":"closed","ping_status":"closed","sticky":false,"template":"","format":"standard","meta":{"footnotes":""},"categories":[1],"tags":[],"class_list":["post-4895","post","type-post","status-publish","format-standard","has-post-thumbnail","hentry","category-allgemein"],"_links":{"self":[{"href":"https:\/\/judounion-klosterneuburg.at\/judo\/wp-json\/wp\/v2\/posts\/4895","targetHints":{"allow":["GET"]}}],"collection":[{"href":"https:\/\/judounion-klosterneuburg.at\/judo\/wp-json\/wp\/v2\/posts"}],"about":[{"href":"https:\/\/judounion-klosterneuburg.at\/judo\/wp-json\/wp\/v2\/types\/post"}],"author":[{"embeddable":true,"href":"https:\/\/judounion-klosterneuburg.at\/judo\/wp-json\/wp\/v2\/users\/4"}],"replies":[{"embeddable":true,"href":"https:\/\/judounion-klosterneuburg.at\/judo\/wp-json\/wp\/v2\/comments?post=4895"}],"version-history":[{"count":2,"href":"https:\/\/judounion-klosterneuburg.at\/judo\/wp-json\/wp\/v2\/posts\/4895\/revisions"}],"predecessor-version":[{"id":4904,"href":"https:\/\/judounion-klosterneuburg.at\/judo\/wp-json\/wp\/v2\/posts\/4895\/revisions\/4904"}],"wp:featuredmedia":[{"embeddable":true,"href":"https:\/\/judounion-klosterneuburg.at\/judo\/wp-json\/wp\/v2\/media\/4897"}],"wp:attachment":[{"href":"https:\/\/judounion-klosterneuburg.at\/judo\/wp-json\/wp\/v2\/media?parent=4895"}],"wp:term":[{"taxonomy":"category","embeddable":true,"href":"https:\/\/judounion-klosterneuburg.at\/judo\/wp-json\/wp\/v2\/categories?post=4895"},{"taxonomy":"post_tag","embeddable":true,"href":"https:\/\/judounion-klosterneuburg.at\/judo\/wp-json\/wp\/v2\/tags?post=4895"}],"curies":[{"name":"wp","href":"https:\/\/api.w.org\/{rel}","templated":true}]}}