{"id":4958,"date":"2024-03-12T10:36:21","date_gmt":"2024-03-12T09:36:21","guid":{"rendered":"https:\/\/judounion-klosterneuburg.at\/judo\/?p=4958"},"modified":"2024-03-12T10:36:21","modified_gmt":"2024-03-12T09:36:21","slug":"ehrung-der-noen-sportlerin-und-des-noen-sportler-2023","status":"publish","type":"post","link":"https:\/\/judounion-klosterneuburg.at\/judo\/ehrung-der-noen-sportlerin-und-des-noen-sportler-2023\/","title":{"rendered":"Ehrung der N\u00d6N Sportlerin und des N\u00d6N Sportler 2023!"},"content":{"rendered":"\n<p>Im ehrw\u00fcrdigem Rahmen des Landtagssitzungssaal im St.P\u00f6ltner Landhaus, fand die N\u00d6N Sportlerinnen und Sportler 2023 Ehrung aller N\u00d6 Regionen statt.<\/p>\n\n\n\n<p>Die Judo Union Klosterneuburg ist mit unseren beiden erfolgreichen Athleten SCHRATTENHOLZER Helene und AUST Phillip in die Wahl gestartet, beide konnten so wie auch schon im Vorjahr diese Wahl gewinnen, und waren daher f\u00fcr diese festliche Veranstaltung eingeladen.<\/p>\n\n\n\n<p>Helene und <a><\/a>Phillip wollen diesen Rahmen hier n\u00fctzen und sich bei Allen nochmals herzlich f\u00fcr das kr\u00e4ftige Voting bedanken!<\/p>\n\n\n\n<p>Zu dieser Wahl fand wie oben erw\u00e4hnt nun die Ehrung, moderiert von Andi Marek, durchgef\u00fchrt von N\u00d6N-Chefredakteur Walter Fahrnberger, NV-Vorstandsdirektor Bernhard Lackner, Landeshauptfrau-Stellvertreter Udo Landbauer und N\u00d6N-Sportchef Bernhard Schiesser statt.<\/p>\n\n\n\n<p>Phillip musste leider Absagen, da er in Linz bei Grand Prix (wie berichtet) \u00d6sterreich vertreten durfte.<\/p>\n\n\n\n<p>Auch wurden in diesem Rahmen die Guten Seelen des Sports 2023 geehrt. Irgend jemand hat den lieben Robert nominiert <img loading=\"lazy\" decoding=\"async\" height=\"16\" width=\"16\" alt=\"\ud83d\ude42\" src=\"https:\/\/static.xx.fbcdn.net\/images\/emoji.php\/v9\/ta5\/1.5\/16\/1f642.png\">, und auch er hat die Wahl gewonnen und wurde geehrt!<\/p>\n\n\n\n<p>Danke Stephanie Pawkowicz -Sozial Media Abteilung Udo Landbauer f\u00fcr die Fotos<\/p>\n\n\n\n<figure class=\"wp-block-gallery has-nested-images columns-default is-cropped wp-block-gallery-1 is-layout-flex wp-block-gallery-is-layout-flex\">\n<figure class=\"wp-block-image size-large\"><img loading=\"lazy\" decoding=\"async\" width=\"683\" height=\"1024\" data-id=\"4959\" src=\"https:\/\/judounion-klosterneuburg.at\/judo\/wp-content\/uploads\/2024\/03\/1-1-683x1024.jpg\" alt=\"\" class=\"wp-image-4959\" srcset=\"https:\/\/judounion-klosterneuburg.at\/judo\/wp-content\/uploads\/2024\/03\/1-1-683x1024.jpg 683w, https:\/\/judounion-klosterneuburg.at\/judo\/wp-content\/uploads\/2024\/03\/1-1-200x300.jpg 200w, https:\/\/judounion-klosterneuburg.at\/judo\/wp-content\/uploads\/2024\/03\/1-1-768x1151.jpg 768w, https:\/\/judounion-klosterneuburg.at\/judo\/wp-content\/uploads\/2024\/03\/1-1-1025x1536.jpg 1025w, https:\/\/judounion-klosterneuburg.at\/judo\/wp-content\/uploads\/2024\/03\/1-1-1366x2048.jpg 1366w, https:\/\/judounion-klosterneuburg.at\/judo\/wp-content\/uploads\/2024\/03\/1-1-scaled.jpg 1708w\" sizes=\"auto, (max-width: 683px) 100vw, 683px\" \/><\/figure>\n\n\n\n<figure class=\"wp-block-image size-large\"><img loading=\"lazy\" decoding=\"async\" width=\"711\" height=\"1024\" data-id=\"4961\" src=\"https:\/\/judounion-klosterneuburg.at\/judo\/wp-content\/uploads\/2024\/03\/2-1-711x1024.jpg\" alt=\"\" class=\"wp-image-4961\" srcset=\"https:\/\/judounion-klosterneuburg.at\/judo\/wp-content\/uploads\/2024\/03\/2-1-711x1024.jpg 711w, https:\/\/judounion-klosterneuburg.at\/judo\/wp-content\/uploads\/2024\/03\/2-1-208x300.jpg 208w, https:\/\/judounion-klosterneuburg.at\/judo\/wp-content\/uploads\/2024\/03\/2-1-768x1106.jpg 768w, https:\/\/judounion-klosterneuburg.at\/judo\/wp-content\/uploads\/2024\/03\/2-1-1067x1536.jpg 1067w, https:\/\/judounion-klosterneuburg.at\/judo\/wp-content\/uploads\/2024\/03\/2-1-1423x2048.jpg 1423w, https:\/\/judounion-klosterneuburg.at\/judo\/wp-content\/uploads\/2024\/03\/2-1-scaled.jpg 1778w\" sizes=\"auto, (max-width: 711px) 100vw, 711px\" \/><\/figure>\n\n\n\n<figure class=\"wp-block-image size-large\"><img loading=\"lazy\" decoding=\"async\" width=\"741\" height=\"1024\" data-id=\"4960\" src=\"https:\/\/judounion-klosterneuburg.at\/judo\/wp-content\/uploads\/2024\/03\/3-1-741x1024.jpg\" alt=\"\" class=\"wp-image-4960\" srcset=\"https:\/\/judounion-klosterneuburg.at\/judo\/wp-content\/uploads\/2024\/03\/3-1-741x1024.jpg 741w, https:\/\/judounion-klosterneuburg.at\/judo\/wp-content\/uploads\/2024\/03\/3-1-217x300.jpg 217w, https:\/\/judounion-klosterneuburg.at\/judo\/wp-content\/uploads\/2024\/03\/3-1-768x1062.jpg 768w, https:\/\/judounion-klosterneuburg.at\/judo\/wp-content\/uploads\/2024\/03\/3-1-1111x1536.jpg 1111w, https:\/\/judounion-klosterneuburg.at\/judo\/wp-content\/uploads\/2024\/03\/3-1-1481x2048.jpg 1481w, https:\/\/judounion-klosterneuburg.at\/judo\/wp-content\/uploads\/2024\/03\/3-1-scaled.jpg 1852w\" sizes=\"auto, (max-width: 741px) 100vw, 741px\" \/><\/figure>\n<\/figure>\n","protected":false},"excerpt":{"rendered":"<p>Im ehrw\u00fcrdigem Rahmen des Landtagssitzungssaal im St.P\u00f6ltner Landhaus, fand die N\u00d6N Sportlerinnen und Sportler 2023 Ehrung aller N\u00d6 Regionen statt. Die Judo Union Klosterneuburg ist mit unseren beiden erfolgreichen Athleten &#8230;<\/p>\n","protected":false},"author":4,"featured_media":4962,"comment_status":"closed","ping_status":"closed","sticky":false,"template":"","format":"standard","meta":{"footnotes":""},"categories":[1],"tags":[],"class_list":["post-4958","post","type-post","status-publish","format-standard","has-post-thumbnail","hentry","category-allgemein"],"_links":{"self":[{"href":"https:\/\/judounion-klosterneuburg.at\/judo\/wp-json\/wp\/v2\/posts\/4958","targetHints":{"allow":["GET"]}}],"collection":[{"href":"https:\/\/judounion-klosterneuburg.at\/judo\/wp-json\/wp\/v2\/posts"}],"about":[{"href":"https:\/\/judounion-klosterneuburg.at\/judo\/wp-json\/wp\/v2\/types\/post"}],"author":[{"embeddable":true,"href":"https:\/\/judounion-klosterneuburg.at\/judo\/wp-json\/wp\/v2\/users\/4"}],"replies":[{"embeddable":true,"href":"https:\/\/judounion-klosterneuburg.at\/judo\/wp-json\/wp\/v2\/comments?post=4958"}],"version-history":[{"count":1,"href":"https:\/\/judounion-klosterneuburg.at\/judo\/wp-json\/wp\/v2\/posts\/4958\/revisions"}],"predecessor-version":[{"id":4963,"href":"https:\/\/judounion-klosterneuburg.at\/judo\/wp-json\/wp\/v2\/posts\/4958\/revisions\/4963"}],"wp:featuredmedia":[{"embeddable":true,"href":"https:\/\/judounion-klosterneuburg.at\/judo\/wp-json\/wp\/v2\/media\/4962"}],"wp:attachment":[{"href":"https:\/\/judounion-klosterneuburg.at\/judo\/wp-json\/wp\/v2\/media?parent=4958"}],"wp:term":[{"taxonomy":"category","embeddable":true,"href":"https:\/\/judounion-klosterneuburg.at\/judo\/wp-json\/wp\/v2\/categories?post=4958"},{"taxonomy":"post_tag","embeddable":true,"href":"https:\/\/judounion-klosterneuburg.at\/judo\/wp-json\/wp\/v2\/tags?post=4958"}],"curies":[{"name":"wp","href":"https:\/\/api.w.org\/{rel}","templated":true}]}}