{"id":4970,"date":"2024-03-15T22:04:00","date_gmt":"2024-03-15T21:04:00","guid":{"rendered":"https:\/\/judounion-klosterneuburg.at\/judo\/?p=4970"},"modified":"2024-03-15T22:04:00","modified_gmt":"2024-03-15T21:04:00","slug":"felbermayer-fenster-und-tueren-verstaerkt-unser-hauptsponsoren-team","status":"publish","type":"post","link":"https:\/\/judounion-klosterneuburg.at\/judo\/felbermayer-fenster-und-tueren-verstaerkt-unser-hauptsponsoren-team\/","title":{"rendered":"Felbermayer Fenster und T\u00fcren verst\u00e4rkt unser Hauptsponsoren Team!"},"content":{"rendered":"\n<p><a href=\"https:\/\/www.felbermayerfenster.at\/?fbclid=IwAR3lyabHbho38hX1uE8EwJ_xuYCLq7DRflWcPSve5onfIAQgop6Te0Jgucc\" rel=\"noreferrer noopener\" target=\"_blank\">www.felbermayerfenster.at<\/a><\/p>\n\n\n\n<p>Aniko und Helmut Felbermayer unterst\u00fctzen unser Judofest schon seit der ersten Stunde mit finaziellen Zuschuss zu den Attraktionen, sie hatten und haben immer ein offenes Ohr bzw. Brieftasche f\u00fcr jedes Kind welches finazieller Unterst\u00fctzung Bedarf, und haben jahrelang immer wieder von dem Einem oder Anderen Kind Sommercampteilnahmen bezahlt!<\/p>\n\n\n\n<p>Was die Beiden aber auszeichnet &gt; Sie <a><\/a>wollten nicht das wir es erw\u00e4hnen &gt; Die Fa. Felbermayer war bis vor kurzem nicht einmal von unserer Homepage verlinkt &gt;&gt;<\/p>\n\n\n\n<p>Anfang dieses Jahres habe ich Aniko mitgeteilt, dass ich die Fa. Felbermayer gerne als Sponsor auf unserer Homepage ver\u00f6ffentlichen w\u00fcrde &gt;&gt; nach einem kurzem &#8222;Ich muss mit Helmut reden!&#8220; rief Aniko zur\u00fcck und sagte: &#8222;Aber bitte als Hauptsponsor!&#8220; <img loading=\"lazy\" decoding=\"async\" height=\"16\" width=\"16\" alt=\"\ud83d\ude42\" src=\"https:\/\/static.xx.fbcdn.net\/images\/emoji.php\/v9\/t4c\/1\/16\/1f642.png\"><img loading=\"lazy\" decoding=\"async\" height=\"16\" width=\"16\" alt=\"\ud83d\ude42\" src=\"https:\/\/static.xx.fbcdn.net\/images\/emoji.php\/v9\/t4c\/1\/16\/1f642.png\"><img loading=\"lazy\" decoding=\"async\" height=\"16\" width=\"16\" alt=\"\ud83d\ude42\" src=\"https:\/\/static.xx.fbcdn.net\/images\/emoji.php\/v9\/t4c\/1\/16\/1f642.png\"><\/p>\n\n\n\n<p>Da lacht das Funktion\u00e4rsherz &gt;<\/p>\n\n\n\n<p>Danke Aniko und Helmut Felbermayer! &gt; wir sind m\u00e4chtig stolz auch euch zu unserem Haupsponsoren Team z\u00e4hlen zu d\u00fcrfen!<\/p>\n\n\n\n<p><a href=\"https:\/\/www.felbermayerfenster.at\/?fbclid=IwAR0ndDQyFoaBsvHWNlD1Ksz2e7Xj6QhuLPQSD1XkTAtZhKdjrEZzbMpBEf0\" target=\"_blank\" rel=\"noreferrer noopener\">www.felbermayerfenster.at<\/a><\/p>\n\n\n\n<figure class=\"wp-block-image size-large\"><img loading=\"lazy\" decoding=\"async\" width=\"768\" height=\"1024\" src=\"https:\/\/judounion-klosterneuburg.at\/judo\/wp-content\/uploads\/2024\/03\/Felbermayer-Foto-768x1024.jpg\" alt=\"\" class=\"wp-image-4971\" srcset=\"https:\/\/judounion-klosterneuburg.at\/judo\/wp-content\/uploads\/2024\/03\/Felbermayer-Foto-768x1024.jpg 768w, https:\/\/judounion-klosterneuburg.at\/judo\/wp-content\/uploads\/2024\/03\/Felbermayer-Foto-225x300.jpg 225w, https:\/\/judounion-klosterneuburg.at\/judo\/wp-content\/uploads\/2024\/03\/Felbermayer-Foto-1152x1536.jpg 1152w, https:\/\/judounion-klosterneuburg.at\/judo\/wp-content\/uploads\/2024\/03\/Felbermayer-Foto.jpg 1500w\" sizes=\"auto, (max-width: 768px) 100vw, 768px\" \/><\/figure>\n","protected":false},"excerpt":{"rendered":"<p>www.felbermayerfenster.at Aniko und Helmut Felbermayer unterst\u00fctzen unser Judofest schon seit der ersten Stunde mit finaziellen Zuschuss zu den Attraktionen, sie hatten und haben immer ein offenes Ohr bzw. Brieftasche f\u00fcr &#8230;<\/p>\n","protected":false},"author":4,"featured_media":4972,"comment_status":"closed","ping_status":"closed","sticky":false,"template":"","format":"standard","meta":{"footnotes":""},"categories":[1],"tags":[],"class_list":["post-4970","post","type-post","status-publish","format-standard","has-post-thumbnail","hentry","category-allgemein"],"_links":{"self":[{"href":"https:\/\/judounion-klosterneuburg.at\/judo\/wp-json\/wp\/v2\/posts\/4970","targetHints":{"allow":["GET"]}}],"collection":[{"href":"https:\/\/judounion-klosterneuburg.at\/judo\/wp-json\/wp\/v2\/posts"}],"about":[{"href":"https:\/\/judounion-klosterneuburg.at\/judo\/wp-json\/wp\/v2\/types\/post"}],"author":[{"embeddable":true,"href":"https:\/\/judounion-klosterneuburg.at\/judo\/wp-json\/wp\/v2\/users\/4"}],"replies":[{"embeddable":true,"href":"https:\/\/judounion-klosterneuburg.at\/judo\/wp-json\/wp\/v2\/comments?post=4970"}],"version-history":[{"count":1,"href":"https:\/\/judounion-klosterneuburg.at\/judo\/wp-json\/wp\/v2\/posts\/4970\/revisions"}],"predecessor-version":[{"id":4973,"href":"https:\/\/judounion-klosterneuburg.at\/judo\/wp-json\/wp\/v2\/posts\/4970\/revisions\/4973"}],"wp:featuredmedia":[{"embeddable":true,"href":"https:\/\/judounion-klosterneuburg.at\/judo\/wp-json\/wp\/v2\/media\/4972"}],"wp:attachment":[{"href":"https:\/\/judounion-klosterneuburg.at\/judo\/wp-json\/wp\/v2\/media?parent=4970"}],"wp:term":[{"taxonomy":"category","embeddable":true,"href":"https:\/\/judounion-klosterneuburg.at\/judo\/wp-json\/wp\/v2\/categories?post=4970"},{"taxonomy":"post_tag","embeddable":true,"href":"https:\/\/judounion-klosterneuburg.at\/judo\/wp-json\/wp\/v2\/tags?post=4970"}],"curies":[{"name":"wp","href":"https:\/\/api.w.org\/{rel}","templated":true}]}}