{"id":5905,"date":"2025-12-07T21:48:25","date_gmt":"2025-12-07T20:48:25","guid":{"rendered":"https:\/\/judounion-klosterneuburg.at\/judo\/?p=5905"},"modified":"2025-12-07T21:48:25","modified_gmt":"2025-12-07T20:48:25","slug":"bundeslaender-jugendcup-2025","status":"publish","type":"post","link":"https:\/\/judounion-klosterneuburg.at\/judo\/bundeslaender-jugendcup-2025\/","title":{"rendered":"Bundesl\u00e4nder Jugendcup 2025!"},"content":{"rendered":"\n<p>F\u00fcnf jugendliche Klosterneuburgerinnen und Klosterneuburger sind Teil des Team N\u00d6 beim Bundesl\u00e4ndercup mir anschlie\u00dfendem \u00d6JV U18 <a><\/a>Sichtungstrainingslager in St.Johann\/Pongau!<\/p>\n\n\n\n<p>Das Team N\u00d6 verliert denkbarst knapp im Kampf um Platz drei nach einem 6:6, in der Unterbewertung gegen Gastgeber Salzburg!<\/p>\n\n\n\n<p>Unsere F\u00fcnf bleiben wie auch alle Anderen noch bis inkl. Montag beim U18 \u00d6JV Sichtungstrainingslager um wertvolle Trainingseinheiten mit den besten gleichaltrigen \u00f6sterreichischen Judoka zu sammeln!<\/p>\n\n\n\n<p>Mit dabei im N\u00d6 Team von der Judo Union Klosterneuburg:<\/p>\n\n\n\n<p>Von Lutz Sophia<\/p>\n\n\n\n<p>Eckl Tamia<\/p>\n\n\n\n<p>Bacic Sasa<\/p>\n\n\n\n<p>Aschenbach Max<\/p>\n\n\n\n<p>B\u00f6lderl Christoph<\/p>\n\n\n\n<figure class=\"wp-block-image size-large\"><img loading=\"lazy\" decoding=\"async\" width=\"1024\" height=\"572\" src=\"https:\/\/judounion-klosterneuburg.at\/judo\/wp-content\/uploads\/2025\/12\/St.Johann-1024x572.jpg\" alt=\"\" class=\"wp-image-5906\" srcset=\"https:\/\/judounion-klosterneuburg.at\/judo\/wp-content\/uploads\/2025\/12\/St.Johann-1024x572.jpg 1024w, https:\/\/judounion-klosterneuburg.at\/judo\/wp-content\/uploads\/2025\/12\/St.Johann-300x168.jpg 300w, https:\/\/judounion-klosterneuburg.at\/judo\/wp-content\/uploads\/2025\/12\/St.Johann-768x429.jpg 768w, https:\/\/judounion-klosterneuburg.at\/judo\/wp-content\/uploads\/2025\/12\/St.Johann-1536x858.jpg 1536w, https:\/\/judounion-klosterneuburg.at\/judo\/wp-content\/uploads\/2025\/12\/St.Johann.jpg 1600w\" sizes=\"auto, (max-width: 1024px) 100vw, 1024px\" \/><\/figure>\n","protected":false},"excerpt":{"rendered":"<p>F\u00fcnf jugendliche Klosterneuburgerinnen und Klosterneuburger sind Teil des Team N\u00d6 beim Bundesl\u00e4ndercup mir anschlie\u00dfendem \u00d6JV U18 Sichtungstrainingslager in St.Johann\/Pongau! Das Team N\u00d6 verliert denkbarst knapp im Kampf um Platz drei &#8230;<\/p>\n","protected":false},"author":4,"featured_media":5906,"comment_status":"closed","ping_status":"closed","sticky":false,"template":"","format":"standard","meta":{"footnotes":""},"categories":[1],"tags":[],"class_list":["post-5905","post","type-post","status-publish","format-standard","has-post-thumbnail","hentry","category-allgemein"],"_links":{"self":[{"href":"https:\/\/judounion-klosterneuburg.at\/judo\/wp-json\/wp\/v2\/posts\/5905","targetHints":{"allow":["GET"]}}],"collection":[{"href":"https:\/\/judounion-klosterneuburg.at\/judo\/wp-json\/wp\/v2\/posts"}],"about":[{"href":"https:\/\/judounion-klosterneuburg.at\/judo\/wp-json\/wp\/v2\/types\/post"}],"author":[{"embeddable":true,"href":"https:\/\/judounion-klosterneuburg.at\/judo\/wp-json\/wp\/v2\/users\/4"}],"replies":[{"embeddable":true,"href":"https:\/\/judounion-klosterneuburg.at\/judo\/wp-json\/wp\/v2\/comments?post=5905"}],"version-history":[{"count":1,"href":"https:\/\/judounion-klosterneuburg.at\/judo\/wp-json\/wp\/v2\/posts\/5905\/revisions"}],"predecessor-version":[{"id":5907,"href":"https:\/\/judounion-klosterneuburg.at\/judo\/wp-json\/wp\/v2\/posts\/5905\/revisions\/5907"}],"wp:featuredmedia":[{"embeddable":true,"href":"https:\/\/judounion-klosterneuburg.at\/judo\/wp-json\/wp\/v2\/media\/5906"}],"wp:attachment":[{"href":"https:\/\/judounion-klosterneuburg.at\/judo\/wp-json\/wp\/v2\/media?parent=5905"}],"wp:term":[{"taxonomy":"category","embeddable":true,"href":"https:\/\/judounion-klosterneuburg.at\/judo\/wp-json\/wp\/v2\/categories?post=5905"},{"taxonomy":"post_tag","embeddable":true,"href":"https:\/\/judounion-klosterneuburg.at\/judo\/wp-json\/wp\/v2\/tags?post=5905"}],"curies":[{"name":"wp","href":"https:\/\/api.w.org\/{rel}","templated":true}]}}