{"id":6147,"date":"2026-09-05T18:33:06","date_gmt":"2026-09-05T16:33:06","guid":{"rendered":"https:\/\/judounion-klosterneuburg.at\/judo\/?p=6147"},"modified":"2026-09-05T18:33:06","modified_gmt":"2026-09-05T16:33:06","slug":"judo-camp-im-naturpark-thayatal","status":"publish","type":"post","link":"https:\/\/judounion-klosterneuburg.at\/judo\/judo-camp-im-naturpark-thayatal\/","title":{"rendered":"Judo Camp im Naturpark Thayatal!"},"content":{"rendered":"\n<p class=\"wp-block-paragraph\">Letzte Ferienwoche fand wie immer unser Trainingslager im Wildkatzencamp Hardegg statt!<\/p>\n\n\n\n<p class=\"wp-block-paragraph\">Optimales Wetter erm\u00f6glichte neben 2x t\u00e4glich Judo, Ausfl\u00fcge in das Naturschutzgebiet, Besuch im Schwimmbad, und eine gef\u00fchrte T\u00fcmpeltour mit Naturparkrangerinnen bei der wir die Kleinstierwelt der \u00d6sterreichisch-Tschechischen Grenze erkundeten!<\/p>\n\n\n\n<p class=\"wp-block-paragraph\">Katharina Tanzer war auch zu Gast und wertete durch ihre Technikeinheiten die Woche zus\u00e4tlich auf!<\/p>\n\n\n\n<p class=\"wp-block-paragraph\">Verletzungsfrei abgeschlossen und mit viel neuer Energie starten wir nun ins neue Schuljahr!<\/p>\n\n\n\n<p class=\"wp-block-paragraph\">der Link zum Fotoalbum<\/p>\n\n\n\n<p class=\"wp-block-paragraph\"><a href=\"https:\/\/photos.app.goo.gl\/wrYkEEpdyp3HZvB27\">https:\/\/photos.app.goo.gl\/wrYkEEpdyp3HZvB27<\/a><\/p>\n\n\n\n<figure class=\"wp-block-gallery has-nested-images columns-default is-cropped wp-block-gallery-1 is-layout-flex wp-block-gallery-is-layout-flex\">\n<figure class=\"wp-block-image size-large\"><img loading=\"lazy\" decoding=\"async\" width=\"1024\" height=\"688\" data-id=\"6148\" src=\"https:\/\/judounion-klosterneuburg.at\/judo\/wp-content\/uploads\/2026\/09\/25-1024x688.jpeg\" alt=\"\" class=\"wp-image-6148\" srcset=\"https:\/\/judounion-klosterneuburg.at\/judo\/wp-content\/uploads\/2026\/09\/25-1024x688.jpeg 1024w, https:\/\/judounion-klosterneuburg.at\/judo\/wp-content\/uploads\/2026\/09\/25-300x202.jpeg 300w, https:\/\/judounion-klosterneuburg.at\/judo\/wp-content\/uploads\/2026\/09\/25-768x516.jpeg 768w, https:\/\/judounion-klosterneuburg.at\/judo\/wp-content\/uploads\/2026\/09\/25-1536x1032.jpeg 1536w, https:\/\/judounion-klosterneuburg.at\/judo\/wp-content\/uploads\/2026\/09\/25-2048x1376.jpeg 2048w\" sizes=\"auto, (max-width: 1024px) 100vw, 1024px\" \/><\/figure>\n<\/figure>\n","protected":false},"excerpt":{"rendered":"<p>Letzte Ferienwoche fand wie immer unser Trainingslager im Wildkatzencamp Hardegg statt! Optimales Wetter erm\u00f6glichte neben 2x t\u00e4glich Judo, Ausfl\u00fcge in das Naturschutzgebiet, Besuch im Schwimmbad, und eine gef\u00fchrte T\u00fcmpeltour mit &#8230;<\/p>\n","protected":false},"author":4,"featured_media":6148,"comment_status":"closed","ping_status":"closed","sticky":false,"template":"","format":"standard","meta":{"footnotes":""},"categories":[1],"tags":[],"class_list":["post-6147","post","type-post","status-publish","format-standard","has-post-thumbnail","hentry","category-allgemein"],"_links":{"self":[{"href":"https:\/\/judounion-klosterneuburg.at\/judo\/wp-json\/wp\/v2\/posts\/6147","targetHints":{"allow":["GET"]}}],"collection":[{"href":"https:\/\/judounion-klosterneuburg.at\/judo\/wp-json\/wp\/v2\/posts"}],"about":[{"href":"https:\/\/judounion-klosterneuburg.at\/judo\/wp-json\/wp\/v2\/types\/post"}],"author":[{"embeddable":true,"href":"https:\/\/judounion-klosterneuburg.at\/judo\/wp-json\/wp\/v2\/users\/4"}],"replies":[{"embeddable":true,"href":"https:\/\/judounion-klosterneuburg.at\/judo\/wp-json\/wp\/v2\/comments?post=6147"}],"version-history":[{"count":1,"href":"https:\/\/judounion-klosterneuburg.at\/judo\/wp-json\/wp\/v2\/posts\/6147\/revisions"}],"predecessor-version":[{"id":6149,"href":"https:\/\/judounion-klosterneuburg.at\/judo\/wp-json\/wp\/v2\/posts\/6147\/revisions\/6149"}],"wp:featuredmedia":[{"embeddable":true,"href":"https:\/\/judounion-klosterneuburg.at\/judo\/wp-json\/wp\/v2\/media\/6148"}],"wp:attachment":[{"href":"https:\/\/judounion-klosterneuburg.at\/judo\/wp-json\/wp\/v2\/media?parent=6147"}],"wp:term":[{"taxonomy":"category","embeddable":true,"href":"https:\/\/judounion-klosterneuburg.at\/judo\/wp-json\/wp\/v2\/categories?post=6147"},{"taxonomy":"post_tag","embeddable":true,"href":"https:\/\/judounion-klosterneuburg.at\/judo\/wp-json\/wp\/v2\/tags?post=6147"}],"curies":[{"name":"wp","href":"https:\/\/api.w.org\/{rel}","templated":true}]}}